{"id":74539,"date":"2026-01-11T15:26:24","date_gmt":"2026-01-11T15:26:24","guid":{"rendered":"https:\/\/lahora.mx\/?p=74539"},"modified":"2026-01-11T15:26:25","modified_gmt":"2026-01-11T15:26:25","slug":"el-papa-leon-xiv-bautiza-a-bebes-en-la-capilla-sixtina-lo-que-pone-fin-a-la-temporada-navidena","status":"publish","type":"post","link":"https:\/\/lahora.mx\/index.php\/2026\/01\/11\/el-papa-leon-xiv-bautiza-a-bebes-en-la-capilla-sixtina-lo-que-pone-fin-a-la-temporada-navidena\/","title":{"rendered":"El Papa Le\u00f3n XIV bautiza a beb\u00e9s en la Capilla Sixtina, lo que pone fin a la temporada navide\u00f1a"},"content":{"rendered":"\n<p>Este domingo el Papa Le\u00f3n XIV bautiz\u00f3 a 20 beb\u00e9s en la Capilla Sixtina, para continuar comuna tradici\u00f3n anual que marca el fin de la temporada navide\u00f1a en el Vaticano.<\/p>\n\n\n\n<p>En su primera ceremonia bautismal como papa, Le\u00f3n celebr\u00f3 el don de la fe divina para los ni\u00f1os, y dijo que da sentido al regalo de la vida.<br>\u00abCuando sabemos que algo es esencial, inmediatamente lo buscamos para aquellos que amamos. \u00bfQui\u00e9n de nosotros, de hecho, dejar\u00eda a un reci\u00e9n nacido sin ropa o alimento, esperando a que ellos elijan cuando crezcan c\u00f3mo vestirse y qu\u00e9 comer?\u00bb afirm\u00f3 el pont\u00edfice.<\/p>\n\n\n\n<p>\u00abQueridos, si la comida y la ropa son necesarias para vivir, la fe es m\u00e1s que necesaria, porque con Dios, la vida encuentra la salvaci\u00f3n\u00bb, expres\u00f3.<\/p>\n\n\n\n<p>Administr\u00f3 el sacramento a hijos de empleados del Vaticano que trabajan en la Santa Sede.<\/p>\n\n\n\n<p>Durante la celebraci\u00f3n los padres se acercaron a la pila bautismal colocada dentro de una base de bronce que representa el \u00c1rbol de la Vida con los padrinos de los beb\u00e9s y los hermanos de los peque\u00f1os.<\/p>\n\n\n\n<p>Con esta celebraci\u00f3n se recuerda el bautismo de Jes\u00fas en el r\u00edo Jord\u00e1n y fue establecida en 1981 por san Juan Pablo II. El episodio est\u00e1 representado en la pared norte de la capilla Sixtina en un fresco de Pietro Perugino.<\/p>\n\n\n\n<p>Durante la ceremonia, a cada padre se le entreg\u00f3 una vela que representa la luz cristiana que \u00abilumina nuestro camino\u00bb.<\/p>\n\n\n\n<p>\u201cDeseo que contin\u00faen con alegr\u00eda durante el a\u00f1o que acaba de comenzar y durante toda su vida, seguros de que el Se\u00f1or siempre acompa\u00f1ar\u00e1 sus pasos\u201d, dijo el papa.<\/p>\n","protected":false},"excerpt":{"rendered":"<p>Este domingo el Papa Le\u00f3n XIV bautiz\u00f3 a 20 beb\u00e9s en la Capilla Sixtina, para continuar comuna tradici\u00f3n anual que marca el fin de la temporada navide\u00f1a en el Vaticano. En su primera ceremonia bautismal como papa, Le\u00f3n celebr\u00f3 el don de la fe divina para los ni\u00f1os, y dijo que da sentido al regalo [&hellip;]<\/p>\n","protected":false},"author":1,"featured_media":74540,"comment_status":"open","ping_status":"open","sticky":false,"template":"","format":"standard","meta":{"om_disable_all_campaigns":false,"_monsterinsights_skip_tracking":false,"_monsterinsights_sitenote_active":false,"_monsterinsights_sitenote_note":"","_monsterinsights_sitenote_category":0,"footnotes":""},"categories":[183],"tags":[223],"class_list":["post-74539","post","type-post","status-publish","format-standard","has-post-thumbnail","hentry","category-internacional","tag-puebla"],"amp_enabled":true,"_links":{"self":[{"href":"https:\/\/lahora.mx\/index.php\/wp-json\/wp\/v2\/posts\/74539","targetHints":{"allow":["GET"]}}],"collection":[{"href":"https:\/\/lahora.mx\/index.php\/wp-json\/wp\/v2\/posts"}],"about":[{"href":"https:\/\/lahora.mx\/index.php\/wp-json\/wp\/v2\/types\/post"}],"author":[{"embeddable":true,"href":"https:\/\/lahora.mx\/index.php\/wp-json\/wp\/v2\/users\/1"}],"replies":[{"embeddable":true,"href":"https:\/\/lahora.mx\/index.php\/wp-json\/wp\/v2\/comments?post=74539"}],"version-history":[{"count":1,"href":"https:\/\/lahora.mx\/index.php\/wp-json\/wp\/v2\/posts\/74539\/revisions"}],"predecessor-version":[{"id":74541,"href":"https:\/\/lahora.mx\/index.php\/wp-json\/wp\/v2\/posts\/74539\/revisions\/74541"}],"wp:featuredmedia":[{"embeddable":true,"href":"https:\/\/lahora.mx\/index.php\/wp-json\/wp\/v2\/media\/74540"}],"wp:attachment":[{"href":"https:\/\/lahora.mx\/index.php\/wp-json\/wp\/v2\/media?parent=74539"}],"wp:term":[{"taxonomy":"category","embeddable":true,"href":"https:\/\/lahora.mx\/index.php\/wp-json\/wp\/v2\/categories?post=74539"},{"taxonomy":"post_tag","embeddable":true,"href":"https:\/\/lahora.mx\/index.php\/wp-json\/wp\/v2\/tags?post=74539"}],"curies":[{"name":"wp","href":"https:\/\/api.w.org\/{rel}","templated":true}]}}