{"id":74532,"date":"2026-01-11T02:22:53","date_gmt":"2026-01-11T02:22:53","guid":{"rendered":"https:\/\/lahora.mx\/?p=74532"},"modified":"2026-01-11T02:22:55","modified_gmt":"2026-01-11T02:22:55","slug":"por-frente-frio-27-regreso-a-clases-gelido-y-con-lluvias","status":"publish","type":"post","link":"https:\/\/lahora.mx\/index.php\/2026\/01\/11\/por-frente-frio-27-regreso-a-clases-gelido-y-con-lluvias\/","title":{"rendered":"Por Frente Fr\u00edo 27 regreso a clases g\u00e9lido \u00bfy con lluvias?"},"content":{"rendered":"\n<p>Derivado del Frente Frio Numero 27, a partir del s\u00e1bado 10 de enero, se pronostica un\u00a0<strong>descenso en la temperatura<\/strong>\u00a0para la ciudad de Puebla y Sierra Norte, condici\u00f3n que prevalecer\u00e1 hasta el lunes 12 de enero fecha del regreso a clases tras las vacaciones decembrinas.<\/p>\n\n\n\n<p>Esta masa invernal recorrer\u00e1 la vertiente del golfo de M\u00e9xico e interaccionar\u00e1 con un canal de baja presi\u00f3n a lo largo del litoral, lo que generar\u00e1 lluvias puntuales intensas en Puebla (Sierra Nororiental y Valle Serd\u00e1n), Veracruz (Nautla, Capital y Olmeca), Oaxaca (este), Chiapas (noroeste y norte) y Tabasco, inform\u00f3 el Servicio Meteorol\u00f3gico Nacional (SMN).<\/p>\n\n\n\n<p>Tambi\u00e9n se pronostican lluvias muy fuertes en Puebla (Sierra Norte), Veracruz (Totonaca, Papaloapan y Los Tuxtlas) y Campeche; puntuales fuertes en San Luis Potos\u00ed, Quer\u00e9taro (Sierra Gorda), Hidalgo (Huasteca), Veracruz (Huasteca Alta y Huasteca Baja) y Oaxaca (norte), as\u00ed como chubascos en Tamaulipas, Veracruz (Sotavento y Las Monta\u00f1as), Yucat\u00e1n y Quintana Roo.<\/p>\n\n\n\n<p>Aunado al <strong>Frente Fr\u00edo n\u00famero 27<\/strong>, las bajas temperaturas estar\u00e1n impulsadas por una masa de aire polar, vaguada en altura y corriente en chorro, de acuerdo al\u00a0<a href=\"https:\/\/smn.conagua.gob.mx\/es\/\" target=\"_blank\" rel=\"noreferrer noopener\"><strong>Servicio Meteorol\u00f3gico Nacional (SMN)<\/strong><\/a>\u00a0de la\u00a0<a href=\"https:\/\/www.gob.mx\/conagua\/\" target=\"_blank\" rel=\"noreferrer noopener\"><strong>Comisi\u00f3n Nacional del Agua (Conagua)<\/strong><\/a>.<\/p>\n\n\n\n<p>Los pron\u00f3sticos advierten que se espera un marcado descenso de las temperaturas en gran parte del pa\u00eds, as\u00ed como lluvias puntuales e intensas en el oriente y sureste de la&nbsp;<strong>Rep\u00fablica Mexicana<\/strong>, adem\u00e1s de un evento de norte intenso en el litoral del&nbsp;<strong>Golfo de M\u00e9xico<\/strong><\/p>\n\n\n\n<p>Pero el <a href=\"https:\/\/www.elfinanciero.com.mx\/nacional\/2026\/01\/09\/frente-frio-27-y-tormenta-invernal-haran-paleta-a-mexico-que-estados-se-congelaran-el-fin-de-semana\/\" target=\"_blank\" rel=\"noreferrer noopener\">frente fr\u00edo <\/a>tambien hara de las suyas el domingo 11 de enero, inform\u00f3 la Comisi\u00f3n Nacional del Agua (<strong>Conagua<\/strong>). Y es que en su pron\u00f3stico del tiempo detall\u00f3 que se esperan hasta\u00a0<strong>-20 grados cent\u00edgrados<\/strong>\u00a0en partes serranas de Durango, as\u00ed como\u00a0<strong>lluvias intensas y vientos<\/strong>\u00a0en varios estados del pa\u00eds.<\/p>\n","protected":false},"excerpt":{"rendered":"<p>Derivado del Frente Frio Numero 27, a partir del s\u00e1bado 10 de enero, se pronostica un\u00a0descenso en la temperatura\u00a0para la ciudad de Puebla y Sierra Norte, condici\u00f3n que prevalecer\u00e1 hasta el lunes 12 de enero fecha del regreso a clases tras las vacaciones decembrinas. Esta masa invernal recorrer\u00e1 la vertiente del golfo de M\u00e9xico e [&hellip;]<\/p>\n","protected":false},"author":1,"featured_media":74533,"comment_status":"open","ping_status":"open","sticky":false,"template":"","format":"standard","meta":{"om_disable_all_campaigns":false,"_monsterinsights_skip_tracking":false,"_monsterinsights_sitenote_active":false,"_monsterinsights_sitenote_note":"","_monsterinsights_sitenote_category":0,"footnotes":""},"categories":[5],"tags":[195,223],"class_list":["post-74532","post","type-post","status-publish","format-standard","has-post-thumbnail","hentry","category-politica","tag-principal","tag-puebla"],"amp_enabled":true,"_links":{"self":[{"href":"https:\/\/lahora.mx\/index.php\/wp-json\/wp\/v2\/posts\/74532","targetHints":{"allow":["GET"]}}],"collection":[{"href":"https:\/\/lahora.mx\/index.php\/wp-json\/wp\/v2\/posts"}],"about":[{"href":"https:\/\/lahora.mx\/index.php\/wp-json\/wp\/v2\/types\/post"}],"author":[{"embeddable":true,"href":"https:\/\/lahora.mx\/index.php\/wp-json\/wp\/v2\/users\/1"}],"replies":[{"embeddable":true,"href":"https:\/\/lahora.mx\/index.php\/wp-json\/wp\/v2\/comments?post=74532"}],"version-history":[{"count":1,"href":"https:\/\/lahora.mx\/index.php\/wp-json\/wp\/v2\/posts\/74532\/revisions"}],"predecessor-version":[{"id":74534,"href":"https:\/\/lahora.mx\/index.php\/wp-json\/wp\/v2\/posts\/74532\/revisions\/74534"}],"wp:featuredmedia":[{"embeddable":true,"href":"https:\/\/lahora.mx\/index.php\/wp-json\/wp\/v2\/media\/74533"}],"wp:attachment":[{"href":"https:\/\/lahora.mx\/index.php\/wp-json\/wp\/v2\/media?parent=74532"}],"wp:term":[{"taxonomy":"category","embeddable":true,"href":"https:\/\/lahora.mx\/index.php\/wp-json\/wp\/v2\/categories?post=74532"},{"taxonomy":"post_tag","embeddable":true,"href":"https:\/\/lahora.mx\/index.php\/wp-json\/wp\/v2\/tags?post=74532"}],"curies":[{"name":"wp","href":"https:\/\/api.w.org\/{rel}","templated":true}]}}