{"id":7453,"date":"2022-05-28T19:14:52","date_gmt":"2022-05-28T19:14:52","guid":{"rendered":"http:\/\/lahora.mx\/?p=7453"},"modified":"2022-05-28T19:14:53","modified_gmt":"2022-05-28T19:14:53","slug":"primer-caso-de-viruela-del-mono-en-mexico-es-confirmado","status":"publish","type":"post","link":"https:\/\/lahora.mx\/index.php\/2022\/05\/28\/primer-caso-de-viruela-del-mono-en-mexico-es-confirmado\/","title":{"rendered":"Primer caso de viruela del mono en Mexico es confirmado"},"content":{"rendered":"\n<p>El subsecretario de Salud, Hugo L\u00f3pez Gatell, confirm\u00f3 el primer caso importado de viruela del mono en M\u00e9xico.<\/p>\n\n\n\n<p>La persona infectada es atendida en la CDMX y \u00abafortunadamente, se encuentra estable y en aislamiento preventivo. Esperamos que se recupere sin complicaciones\u00bb.?<\/p>\n\n\n\n<p>La viruela s\u00edmica se transmite de persona a persona por contacto directo. No se propaga por aire, agua o alimentos.<\/p>\n\n\n\n<p>La eficiencia del contagio es baja, por lo que generalmente se presentan casos aislados o peque\u00f1os brotes, no epidemias generalizadas.<\/p>\n\n\n\n<p>Las autoridades sanitarias europeas, estadounidenses, latinoamericanas y ya mexicanas identificaron casos de viruela del mono en los \u00faltimos d\u00edas, la mayor\u00eda en hombres j\u00f3venes. Es un brote sorprendente de una enfermedad que rara vez aparece fuera de \u00c1frica.<\/p>\n\n\n\n<p>Los funcionarios de salud de todo el mundo est\u00e1n atentos a m\u00e1s casos porque, por primera vez, la enfermedad parece estar propag\u00e1ndose entre las personas que no viajaron a \u00c1frica. Destacan, sin embargo, que el riesgo para la poblaci\u00f3n general es bajo.<\/p>\n\n\n\n<p>PUBLICIDAD<\/p>\n\n\n\n<p>La viruela del mono es un virus que se origina en animales salvajes como roedores y primates, y ocasionalmente salta a las personas. La mayor\u00eda de los casos humanos se han producido en \u00c1frica central y occidental, donde la enfermedad es end\u00e9mica.<\/p>\n\n\n\n<p>\u00a0Fue identificada por primera vez por cient\u00edficos en 1958 cuando hubo dos brotes de una enfermedad \u00absimilar a la viruela\u00bb en monos de investigaci\u00f3n, de ah\u00ed el nombre de viruela del mono. La primera infecci\u00f3n humana conocida fue en 1970, en un ni\u00f1o de 9 a\u00f1os en una parte remota del Congo.<\/p>\n\n\n\n<p>La viruela del mono pertenece a la misma familia de virus que la viruela pero causa s\u00edntomas m\u00e1s leves.<br>La mayor\u00eda de los pacientes s\u00f3lo experimentan fiebre, dolores corporales, escalofr\u00edos y fatiga. Las personas con enfermedades m\u00e1s graves pueden desarrollar sarpullido y lesiones en la cara y las manos que pueden extenderse a otras partes del cuerpo.<\/p>\n\n\n\n<p>El periodo de incubaci\u00f3n es de aproximadamente cinco d\u00edas a tres semanas. La mayor\u00eda de las personas se recuperan en aproximadamente dos a cuatro semanas sin necesidad de hospitalizaci\u00f3n.<\/p>\n\n\n\n<p>La viruela del mono puede ser mortal para una de cada 10 personas y se cree que es m\u00e1s grave en los ni\u00f1os.<br>Las personas expuestas al virus a menudo reciben una de varias vacunas contra la viruela, que han demostrado ser efectivas contra la viruela del simio. Tambi\u00e9n se est\u00e1n desarrollando medicamentos antivirales.<\/p>\n\n\n\n<p>El Centro Europeo para la Prevenci\u00f3n y el Control de Enfermedades recomend\u00f3 aislar a todos los casos sospechosos y ofrecer la vacuna contra la viruela a los contactos de alto riesgo.<\/p>\n\n\n\n<p>La Organizaci\u00f3n Mundial de la Salud (OMS) estima que hay miles de infecciones de viruela del simio en alrededor de una docena de pa\u00edses africanos cada a\u00f1o. La mayor\u00eda est\u00e1n en el Congo, que reporta alrededor de 6000 casos al a\u00f1o, y Nigeria, con alrededor de 3000 casos al a\u00f1o.<\/p>\n\n\n\n<p>Los sistemas de monitoreo de salud irregulares significan que es probable que se pase por alto a muchas personas infectadas, dicen los expertos.<\/p>\n\n\n\n<p>Ocasionalmente se detectan casos aislados de viruela del simio fuera de \u00c1frica, incluso en EU y Gran Breta\u00f1a. Los casos suelen estar asociados con viajes a \u00c1frica o contacto con animales de \u00e1reas donde la enfermedad es m\u00e1s com\u00fan.<\/p>\n\n\n\n<p>En 2003, 47 personas en seis estados de EU ten\u00edan casos confirmados o probables.&nbsp;<\/p>\n\n\n\n<p>La OMS advirti\u00f3 este viernes que los casos reportados \u00abpodr\u00edan ser la punta del iceberg\u00bb, aunque pidi\u00f3 no entrar en \u00abp\u00e1nico\u00bb.<\/p>\n\n\n\n<p>\u00abNo sabemos si solo estamos viendo la punta del iceberg\u00bb, reconoci\u00f3 Sylvie Briand, jefa de preparaci\u00f3n y prevenci\u00f3n de epidemias y pandemias de la OMS, durante una sesi\u00f3n informativa.<\/p>\n\n\n\n<p>Los expertos tratan ahora de determinar las causas de esta \u00absituaci\u00f3n inusual\u00bb, a\u00f1adi\u00f3.<\/p>\n\n\n\n<p>Las investigaciones preliminares no parecen indicar que el virus haya cambiado o mutado y Briand cree que es posible detener la propagaci\u00f3n.&nbsp;<\/p>\n\n\n\n<p>\u00abTenemos una buena oportunidad para detener la transmisi\u00f3n ahora\u00bb, dijo. \u00abSi ponemos en marcha las medidas adecuadas, probablemente podamos contener esto f\u00e1cilmente\u00bb.<\/p>\n\n\n\n<p>Reino Unido fue el primer pa\u00eds en dar la voz de alarma el 7 de mayo y desde entonces, cerca de 200 casos han sido reportados a la agencia sanitaria de la ONU desde pa\u00edses donde el virus no es end\u00e9mico.<\/p>\n\n\n\n<p>El Centro Europeo para la Prevenci\u00f3n y el Control de las Enfermedades (ECDC) ha cifrado el n\u00famero de casos en 219.<\/p>\n\n\n\n<p>\u00abTodav\u00eda estamos en los inicios de este evento\u00bb, dijo Briand a los representantes de los Estados miembros presentes en la Asamblea Mundial de la Salud en Ginebra.<\/p>\n\n\n\n<p>\u00abSabemos que habr\u00e1 m\u00e1s casos en los pr\u00f3ximos d\u00edas\u00bb, dijo, aunque subray\u00f3 que no era necesario que cundiera el \u00abp\u00e1nico\u00bb.<\/p>\n\n\n\n<p>\u00abEsto no es una enfermedad que debe preocupar al p\u00fablico general. No es Covid ni otra enfermedad que se expande r\u00e1pido\u00bb, matiz\u00f3.&nbsp;<\/p>\n\n\n\n<p>\u00abEl rastreo de contactos, el estudio de los casos y el aislamiento son por ahora las principales herramientas para controlar la enfermedad\u00bb, a\u00f1adi\u00f3 la experta Rosamund Lewis, del departamento de viruela de la OMS, en una sesi\u00f3n t\u00e9cnica sobre el actual brote celebrada en la asamblea anual del organismo.<\/p>\n\n\n\n<p>El director de Emergencias Sanitarias de la OMS, Mike Ryan, a\u00f1adi\u00f3 al respecto que \u00abprobablemente cada pa\u00eds necesitar\u00e1 un peque\u00f1o contingente de vacunas, no a gran escala\u00bb.<\/p>\n\n\n\n<p>Sobre los colectivos que podr\u00edan ser vacunados, Lewis indic\u00f3 que aunque cada pa\u00eds podr\u00eda establecer sus propias directivas ante la actual situaci\u00f3n, desde 2013 se recomienda para este tipo de virus sobre todo inmunizar a personal de laboratorio, trabajadores sanitarios y de primeros auxilios.<\/p>\n\n\n\n<p>Como medidas preventivas, la OMS recomienda evitar el contacto f\u00edsico con infectados, llevar mascarilla al estar en contacto con ellos o con su ropa, y limpiar y desinfectar superficies posiblemente contaminada.<\/p>\n\n\n\n<p>\u00bfQu\u00e9 hay de diferente en esta ocasi\u00f3n?<br>Es la primera vez que la viruela del simio parece propagarse entre personas que no viajaron a \u00c1frica. La mayor\u00eda de los casos involucran a hombres que han tenido sexo con hombres.<\/p>\n\n\n\n<p>En Europa, se han reportado infecciones en Gran Breta\u00f1a, Italia, Portugal, Espa\u00f1a y Suecia.<\/p>\n\n\n\n<p>La Agencia de Seguridad de la Salud de Gran Breta\u00f1a dijo que no todos sus casos est\u00e1n conectados, lo que sugiere que est\u00e1n ocurriendo m\u00faltiples cadenas de transmisi\u00f3n. Las infecciones en Portugal se detectaron en una cl\u00ednica de salud sexual, donde los hombres buscaron ayuda por lesiones en sus genitales.<\/p>\n\n\n\n<p>Es posible, pero no est\u00e1 claro por el momento.<br>No se ha documentado previamente que la viruela del mono se haya propagado a trav\u00e9s del sexo, pero puede transmitirse a trav\u00e9s del contacto cercano con personas infectadas, sus fluidos corporales y su ropa o s\u00e1banas.<br>Michael Skinner, vir\u00f3logo del Imperial College London, dijo que a\u00fan es demasiado pronto para determinar c\u00f3mo se infectaron los hombres en el Reino Unido.<\/p>\n\n\n\n<p>\u201cPor naturaleza, la actividad sexual involucra el contacto \u00edntimo, lo que uno esperar\u00eda aumentar la probabilidad de transmisi\u00f3n, cualquiera que sea la orientaci\u00f3n sexual de una persona e independientemente del modo de transmisi\u00f3n\u201d, dijo Skinner.<\/p>\n\n\n\n<p>Francois Balloux, del University College London, dijo que la viruela del mono dijo que el sexo califica como el tipo de contacto cercano necesario para transmitir la enfermedad.<\/p>\n\n\n\n<p>Los casos del Reino Unido \u201cno implican necesariamente ning\u00fan cambio reciente en la ruta de transmisi\u00f3n del virus\u201d, dijo Balloux.<\/p>\n\n\n\n<p>La singularizaci\u00f3n ha despertado el temor de que los hombres homosexuales y bisexuales, que parecen ser responsables de la mayor\u00eda de los casos de viruela del simio en Europa hasta el momento, corran nuevamente el peligro de ser estigmatizados como portadores de una enfermedad ex\u00f3tica y aterradora, tal como sucedi\u00f3 durante la crisis del sida.&nbsp;<\/p>\n\n\n\n<p>\u00abEs importante prestar m\u00e1s atenci\u00f3n [a la enfermedad], s\u00ed, pero es un error simplificar demasiado y, m\u00e1s que nada, es totalmente err\u00f3neo culpar a nadie\u00bb, dijo , director gerente de la organizaci\u00f3n de apoyo de Munich AIDS Hilfe. \u201cEs un error atribuirlo a un grupo en particular\u201d, report\u00f3 Los Angeles Times.<\/p>\n\n\n\n<p>\u201cEs muy importante evitar el p\u00e1nico y la estigmatizaci\u00f3n\u201d, dijo Markus Ulrich, vocero de la Federaci\u00f3n Alemana de Gays y Lesbianas.<\/p>\n\n\n\n<p>En EU, la Sociedad de Enfermedades Infecciosas de Am\u00e9rica y la Asociaci\u00f3n de Medicina del VIH. emiti\u00f3 una declaraci\u00f3n conjunta el jueves condenando el \u00abuso de lenguaje racista y homof\u00f3bico\u00bb con respecto al brote de viruela del mono.<\/p>\n","protected":false},"excerpt":{"rendered":"<p>El subsecretario de Salud, Hugo L\u00f3pez Gatell, confirm\u00f3 el primer caso importado de viruela del mono en M\u00e9xico. La persona infectada es atendida en la CDMX y \u00abafortunadamente, se encuentra estable y en aislamiento preventivo. Esperamos que se recupere sin complicaciones\u00bb.? La viruela s\u00edmica se transmite de persona a persona por contacto directo. No se [&hellip;]<\/p>\n","protected":false},"author":4,"featured_media":7454,"comment_status":"open","ping_status":"open","sticky":false,"template":"","format":"standard","meta":{"om_disable_all_campaigns":false,"_monsterinsights_skip_tracking":false,"_monsterinsights_sitenote_active":false,"_monsterinsights_sitenote_note":"","_monsterinsights_sitenote_category":0,"footnotes":""},"categories":[176],"tags":[195],"class_list":["post-7453","post","type-post","status-publish","format-standard","has-post-thumbnail","hentry","category-nacional","tag-principal"],"amp_enabled":true,"_links":{"self":[{"href":"https:\/\/lahora.mx\/index.php\/wp-json\/wp\/v2\/posts\/7453","targetHints":{"allow":["GET"]}}],"collection":[{"href":"https:\/\/lahora.mx\/index.php\/wp-json\/wp\/v2\/posts"}],"about":[{"href":"https:\/\/lahora.mx\/index.php\/wp-json\/wp\/v2\/types\/post"}],"author":[{"embeddable":true,"href":"https:\/\/lahora.mx\/index.php\/wp-json\/wp\/v2\/users\/4"}],"replies":[{"embeddable":true,"href":"https:\/\/lahora.mx\/index.php\/wp-json\/wp\/v2\/comments?post=7453"}],"version-history":[{"count":1,"href":"https:\/\/lahora.mx\/index.php\/wp-json\/wp\/v2\/posts\/7453\/revisions"}],"predecessor-version":[{"id":7455,"href":"https:\/\/lahora.mx\/index.php\/wp-json\/wp\/v2\/posts\/7453\/revisions\/7455"}],"wp:featuredmedia":[{"embeddable":true,"href":"https:\/\/lahora.mx\/index.php\/wp-json\/wp\/v2\/media\/7454"}],"wp:attachment":[{"href":"https:\/\/lahora.mx\/index.php\/wp-json\/wp\/v2\/media?parent=7453"}],"wp:term":[{"taxonomy":"category","embeddable":true,"href":"https:\/\/lahora.mx\/index.php\/wp-json\/wp\/v2\/categories?post=7453"},{"taxonomy":"post_tag","embeddable":true,"href":"https:\/\/lahora.mx\/index.php\/wp-json\/wp\/v2\/tags?post=7453"}],"curies":[{"name":"wp","href":"https:\/\/api.w.org\/{rel}","templated":true}]}}