{"id":74505,"date":"2026-01-09T22:52:30","date_gmt":"2026-01-09T22:52:30","guid":{"rendered":"https:\/\/lahora.mx\/?p=74505"},"modified":"2026-01-09T22:58:01","modified_gmt":"2026-01-09T22:58:01","slug":"dueno-de-bar-alpino-ira-a-prision-preventiva-por-incendio-que-dejo-40-muertos-en-suiza","status":"publish","type":"post","link":"https:\/\/lahora.mx\/index.php\/2026\/01\/09\/dueno-de-bar-alpino-ira-a-prision-preventiva-por-incendio-que-dejo-40-muertos-en-suiza\/","title":{"rendered":"Due\u00f1o de bar alpino ir\u00e1 a prisi\u00f3n preventiva por incendio que dej\u00f3 40 muertos en Suiza"},"content":{"rendered":"\n<p>Un tribunal suizo dict\u00f3 prisi\u00f3n preventiva contra Jacques Moretti , propietario del bar Le Constellation , donde un incendio durante la celebraci\u00f3n de A\u00f1o Nuevo en el centro tur\u00edstico alpino de Crans-Montana dej\u00f3 40 personas muertas y 116 heridas .<\/p>\n\n\n\n<p>La fiscal jefa del cant\u00f3n de Valais , Beatrice Pilloud , inform\u00f3 que la detenci\u00f3n del empresario es necesaria para evitar un \u201criesgo de fuga\u201d . En tanto, su esposa y atrapante , Jessica Moretti , permanecer\u00e1 en libertad bajo supervisi\u00f3n judicial .<br>Las autoridades suizas abrieron una investigaci\u00f3n penal contra los propietarios, quienes son se\u00f1alados por homicidio involuntario , lesiones corporales involuntarias y por provocar el incendio de forma involuntaria .<\/p>\n\n\n\n<p>De acuerdo con los investigadores, el fuego habr\u00eda sido provocado por bengalas encendidas sobre botellas de champ\u00e1n que se acercaron demasiado al techo , el cual podr\u00eda haber contado con material de insonorizaci\u00f3n no conforme a las normas . Adem\u00e1s, el local no hab\u00eda sido sometido a inspecciones de seguridad contra incendios desde 2019 .<\/p>\n\n\n\n<p>Este viernes, Suiza realiz\u00f3 una jornada de luto nacional en memoria de las v\u00edctimas. A las 14:00 horas , las campanas de las iglesias sonaron durante cinco minutos , mientras en todo el pa\u00eds se realizaron homenajes , encendido de velas y colocaci\u00f3n de flores .<\/p>\n\n\n\n<p>Durante una ceremonia en Martigny , el presidente suizo, Guy Parmelin , expres\u00f3 que el pa\u00eds est\u00e1 consternado por la tragedia y se solidariz\u00f3 con las familias de las 156 v\u00edctimas , entre fallecidos y heridos, muchas de ellas adolescentes y j\u00f3venes de entre 20 y 25 a\u00f1os .<\/p>\n\n\n\n<p>La gravedad de las quemaduras ha dificultado la identificaci\u00f3n de los cuerpos , por lo que familiares han tenido que aportar muestras de ADN . En el caso de las v\u00edctimas italianas, se ordenaron autopsias y el proceso fue delegado a fiscal\u00edas de Mil\u00e1n, Bolonia y G\u00e9nova .<\/p>\n\n\n\n<p>La primera ministra de Italia, Giorgia Meloni , calific\u00f3 el hecho como el resultado de una cadena de negligencias y asegur\u00f3 que los responsables ser\u00e1n procesados . Tambi\u00e9n inform\u00f3 que la Fiscal\u00eda de Roma abri\u00f3 una investigaci\u00f3n paralela .<\/p>\n\n\n\n<p>Por su parte, la fiscal\u00eda de Par\u00eds anunci\u00f3 la apertura de una pesquisa para apoyar a las autoridades suizas y asistir a las familias de las nueve v\u00edctimas francesas , entre ellas un menor de 14 a\u00f1os , adem\u00e1s de 23 heridos .<\/p>\n","protected":false},"excerpt":{"rendered":"<p>Un tribunal suizo dict\u00f3 prisi\u00f3n preventiva contra Jacques Moretti , propietario del bar Le Constellation , donde un incendio durante la celebraci\u00f3n de A\u00f1o Nuevo en el centro tur\u00edstico alpino de Crans-Montana dej\u00f3 40 personas muertas y 116 heridas . La fiscal jefa del cant\u00f3n de Valais , Beatrice Pilloud , inform\u00f3 que la detenci\u00f3n [&hellip;]<\/p>\n","protected":false},"author":1,"featured_media":74506,"comment_status":"open","ping_status":"open","sticky":false,"template":"","format":"standard","meta":{"om_disable_all_campaigns":false,"_monsterinsights_skip_tracking":false,"_monsterinsights_sitenote_active":false,"_monsterinsights_sitenote_note":"","_monsterinsights_sitenote_category":0,"footnotes":""},"categories":[183],"tags":[],"class_list":["post-74505","post","type-post","status-publish","format-standard","has-post-thumbnail","hentry","category-internacional"],"amp_enabled":true,"_links":{"self":[{"href":"https:\/\/lahora.mx\/index.php\/wp-json\/wp\/v2\/posts\/74505","targetHints":{"allow":["GET"]}}],"collection":[{"href":"https:\/\/lahora.mx\/index.php\/wp-json\/wp\/v2\/posts"}],"about":[{"href":"https:\/\/lahora.mx\/index.php\/wp-json\/wp\/v2\/types\/post"}],"author":[{"embeddable":true,"href":"https:\/\/lahora.mx\/index.php\/wp-json\/wp\/v2\/users\/1"}],"replies":[{"embeddable":true,"href":"https:\/\/lahora.mx\/index.php\/wp-json\/wp\/v2\/comments?post=74505"}],"version-history":[{"count":1,"href":"https:\/\/lahora.mx\/index.php\/wp-json\/wp\/v2\/posts\/74505\/revisions"}],"predecessor-version":[{"id":74507,"href":"https:\/\/lahora.mx\/index.php\/wp-json\/wp\/v2\/posts\/74505\/revisions\/74507"}],"wp:featuredmedia":[{"embeddable":true,"href":"https:\/\/lahora.mx\/index.php\/wp-json\/wp\/v2\/media\/74506"}],"wp:attachment":[{"href":"https:\/\/lahora.mx\/index.php\/wp-json\/wp\/v2\/media?parent=74505"}],"wp:term":[{"taxonomy":"category","embeddable":true,"href":"https:\/\/lahora.mx\/index.php\/wp-json\/wp\/v2\/categories?post=74505"},{"taxonomy":"post_tag","embeddable":true,"href":"https:\/\/lahora.mx\/index.php\/wp-json\/wp\/v2\/tags?post=74505"}],"curies":[{"name":"wp","href":"https:\/\/api.w.org\/{rel}","templated":true}]}}