{"id":74499,"date":"2026-01-09T23:03:00","date_gmt":"2026-01-09T23:03:00","guid":{"rendered":"https:\/\/lahora.mx\/?p=74499"},"modified":"2026-01-10T05:03:50","modified_gmt":"2026-01-10T05:03:50","slug":"congreso-de-puebla-analizara-el-13-de-enero-perfiles-de-personas-que-buscan-la-ase","status":"publish","type":"post","link":"https:\/\/lahora.mx\/index.php\/2026\/01\/09\/congreso-de-puebla-analizara-el-13-de-enero-perfiles-de-personas-que-buscan-la-ase\/","title":{"rendered":"Congreso de Puebla analizar\u00e1 el 13 de enero perfiles de personas que buscan la ASE"},"content":{"rendered":"\n<p>El presidente de la Junta de Gobierno y Coordinaci\u00f3n Pol\u00edtica del Congreso del Estado de Puebla, P\u00e1vel Gaspar Ram\u00edrez, inform\u00f3 el orden en el que ser\u00e1n entrevistados cada uno de los aspirantes a la Auditor\u00eda Superior del Estado (ASE).<\/p>\n\n\n\n<p>En rueda de prensa que se llev\u00f3 a cabo este viernes nueve de enero inform\u00f3 que las entrevistas se llevar\u00e1n a cabo el pr\u00f3ximo martes 13 de este mes en la sede del Poder Legislativo.<br>El legislador local se\u00f1al\u00f3 que las diputadas y los diputados analizar\u00e1n los 11 perfiles de las personas que buscan ocupar el cargo, con la finalidad de designar al mejor.<\/p>\n\n\n\n<p>Horario de entrevistas<\/p>\n\n\n\n<p>1.- Cepeda Morales Rafael (10:30 horas)<\/p>\n\n\n\n<p>2.- Dur\u00e1n Pe\u00f1a Jos\u00e9 Manuel Domingo (11:00 horas)<\/p>\n\n\n\n<p>3.- Gonz\u00e1lez P\u00e9rez Bibiana (11:30 horas)<\/p>\n\n\n\n<p>4.- Moreno Valle Abdala Juan Carlos (12:00 horas)<\/p>\n\n\n\n<p>5.- Reyna y Herrero Germ\u00e1n (12:30 horas)<\/p>\n\n\n\n<p>6.- Rodr\u00edguez Campos Mar\u00eda de Jes\u00fas (13:00 horas)<\/p>\n\n\n\n<p>7.- Rom\u00e1n Cruz Eduardo (13:30 horas)<\/p>\n\n\n\n<p>8.- Romero Serrano Francisco Jos\u00e9 (14:00 horas)<\/p>\n\n\n\n<p>9.- S\u00e1nchez Jim\u00e9nez \u00c1lvaro (14:30 horas)<\/p>\n\n\n\n<p>10.- S\u00e1nchez Zamora Rom\u00e1n (15:00 horas)<\/p>\n\n\n\n<p>11.- Tejeda Carvajal Jos\u00e9 Amador (15:30 horas)<\/p>\n\n\n\n<p>De esta manera, los aspirantes hablar\u00e1n sobre el plan de trabajo que implementar\u00e1n en caso de ser designados; adem\u00e1s, responder\u00e1n las preguntas que formulen las diputadas y los diputados.<\/p>\n\n\n\n<p>Cabe destacar que una vez que las diputadas y los diputados entrevisten a las y los aspirantes, se integrar\u00e1 una terna, que se pondr\u00e1 a consideraci\u00f3n ante el Pleno el 15 de enero para llevar a cabo la designaci\u00f3n.<\/p>\n","protected":false},"excerpt":{"rendered":"<p>El presidente de la Junta de Gobierno y Coordinaci\u00f3n Pol\u00edtica del Congreso del Estado de Puebla, P\u00e1vel Gaspar Ram\u00edrez, inform\u00f3 el orden en el que ser\u00e1n entrevistados cada uno de los aspirantes a la Auditor\u00eda Superior del Estado (ASE). En rueda de prensa que se llev\u00f3 a cabo este viernes nueve de enero inform\u00f3 que [&hellip;]<\/p>\n","protected":false},"author":1,"featured_media":74500,"comment_status":"open","ping_status":"open","sticky":false,"template":"","format":"standard","meta":{"om_disable_all_campaigns":false,"_monsterinsights_skip_tracking":false,"_monsterinsights_sitenote_active":false,"_monsterinsights_sitenote_note":"","_monsterinsights_sitenote_category":0,"footnotes":""},"categories":[5],"tags":[227,195,223],"class_list":["post-74499","post","type-post","status-publish","format-standard","has-post-thumbnail","hentry","category-politica","tag-congreso","tag-principal","tag-puebla"],"amp_enabled":true,"_links":{"self":[{"href":"https:\/\/lahora.mx\/index.php\/wp-json\/wp\/v2\/posts\/74499","targetHints":{"allow":["GET"]}}],"collection":[{"href":"https:\/\/lahora.mx\/index.php\/wp-json\/wp\/v2\/posts"}],"about":[{"href":"https:\/\/lahora.mx\/index.php\/wp-json\/wp\/v2\/types\/post"}],"author":[{"embeddable":true,"href":"https:\/\/lahora.mx\/index.php\/wp-json\/wp\/v2\/users\/1"}],"replies":[{"embeddable":true,"href":"https:\/\/lahora.mx\/index.php\/wp-json\/wp\/v2\/comments?post=74499"}],"version-history":[{"count":1,"href":"https:\/\/lahora.mx\/index.php\/wp-json\/wp\/v2\/posts\/74499\/revisions"}],"predecessor-version":[{"id":74501,"href":"https:\/\/lahora.mx\/index.php\/wp-json\/wp\/v2\/posts\/74499\/revisions\/74501"}],"wp:featuredmedia":[{"embeddable":true,"href":"https:\/\/lahora.mx\/index.php\/wp-json\/wp\/v2\/media\/74500"}],"wp:attachment":[{"href":"https:\/\/lahora.mx\/index.php\/wp-json\/wp\/v2\/media?parent=74499"}],"wp:term":[{"taxonomy":"category","embeddable":true,"href":"https:\/\/lahora.mx\/index.php\/wp-json\/wp\/v2\/categories?post=74499"},{"taxonomy":"post_tag","embeddable":true,"href":"https:\/\/lahora.mx\/index.php\/wp-json\/wp\/v2\/tags?post=74499"}],"curies":[{"name":"wp","href":"https:\/\/api.w.org\/{rel}","templated":true}]}}