{"id":74496,"date":"2026-01-09T22:48:41","date_gmt":"2026-01-09T22:48:41","guid":{"rendered":"https:\/\/lahora.mx\/?p=74496"},"modified":"2026-01-09T22:48:42","modified_gmt":"2026-01-09T22:48:42","slug":"smn-preve-que-2026-podria-ser-el-cuarto-ano-con-calentamiento-global-acelerado","status":"publish","type":"post","link":"https:\/\/lahora.mx\/index.php\/2026\/01\/09\/smn-preve-que-2026-podria-ser-el-cuarto-ano-con-calentamiento-global-acelerado\/","title":{"rendered":"SMN prev\u00e9 que 2026 podr\u00eda ser el cuarto a\u00f1o con calentamiento global acelerado."},"content":{"rendered":"\n<p>De acuerdo con el Met Office, el Servicio Meteorol\u00f3gico Nacional del Reino Unido, considerada una autoridad mundial del clima y meteorolog\u00eda, advirti\u00f3 que para el 2026 se aproxima una tendencia de calentamiento global acelerado.<\/p>\n\n\n\n<p>Se estima que la temperatura promedio podr\u00eda situarse 1.46 \u00b0C por encima de los niveles preindustriales, acerc\u00e1ndose peligrosamente al l\u00edmite cr\u00edtico establecido en tratados internacionales.<br>Lo que se traduce en que 2026 se posicionar\u00eda como el cuarto a\u00f1o consecutivo en el que las temperaturas mundiales superan los 1.4\u00b0C. De hecho, la previsi\u00f3n este a\u00f1o prev\u00e9 la posibilidad de alcanzar hasta 1.58\u00b0C.<\/p>\n\n\n\n<p>A medida que las temperaturas contin\u00faan subiendo, se reducen las posibilidades de que las comunidades puedan adaptarse de manera efectiva a estos cambios. Esto significa que los recursos y estrategias actuales podr\u00edan no ser suficientes para enfrentar los impactos del calentamiento global.<\/p>\n\n\n\n<p>Cabe resaltar que, en M\u00e9xico, las temperaturas m\u00e1s elevadas no se registran en verano, sino en primavera. La temporada de altas temperaturas generalmente inicia a finales de marzo y se extiende hasta mayo de 2026.<\/p>\n\n\n\n<p>De acuerdo con los pron\u00f3sticos, el punto m\u00e1ximo de calor se registrar\u00e1 en el quinto mes del a\u00f1o, cuando en algunas regiones las temperaturas superan los 40 grados cent\u00edgrados.<\/p>\n\n\n\n<p>Existe la preocupaci\u00f3n de que los cambios sean a\u00fan mayores en 2026, debido al cambio clim\u00e1tico, que ha provocado olas de calor m\u00e1s frecuentes, intensas y prolongadas, especialmente en el norte del pa\u00eds y en zonas costeras.<\/p>\n","protected":false},"excerpt":{"rendered":"<p>De acuerdo con el Met Office, el Servicio Meteorol\u00f3gico Nacional del Reino Unido, considerada una autoridad mundial del clima y meteorolog\u00eda, advirti\u00f3 que para el 2026 se aproxima una tendencia de calentamiento global acelerado. Se estima que la temperatura promedio podr\u00eda situarse 1.46 \u00b0C por encima de los niveles preindustriales, acerc\u00e1ndose peligrosamente al l\u00edmite cr\u00edtico [&hellip;]<\/p>\n","protected":false},"author":1,"featured_media":74497,"comment_status":"open","ping_status":"open","sticky":false,"template":"","format":"standard","meta":{"om_disable_all_campaigns":false,"_monsterinsights_skip_tracking":false,"_monsterinsights_sitenote_active":false,"_monsterinsights_sitenote_note":"","_monsterinsights_sitenote_category":0,"footnotes":""},"categories":[183],"tags":[223],"class_list":["post-74496","post","type-post","status-publish","format-standard","has-post-thumbnail","hentry","category-internacional","tag-puebla"],"amp_enabled":true,"_links":{"self":[{"href":"https:\/\/lahora.mx\/index.php\/wp-json\/wp\/v2\/posts\/74496","targetHints":{"allow":["GET"]}}],"collection":[{"href":"https:\/\/lahora.mx\/index.php\/wp-json\/wp\/v2\/posts"}],"about":[{"href":"https:\/\/lahora.mx\/index.php\/wp-json\/wp\/v2\/types\/post"}],"author":[{"embeddable":true,"href":"https:\/\/lahora.mx\/index.php\/wp-json\/wp\/v2\/users\/1"}],"replies":[{"embeddable":true,"href":"https:\/\/lahora.mx\/index.php\/wp-json\/wp\/v2\/comments?post=74496"}],"version-history":[{"count":1,"href":"https:\/\/lahora.mx\/index.php\/wp-json\/wp\/v2\/posts\/74496\/revisions"}],"predecessor-version":[{"id":74498,"href":"https:\/\/lahora.mx\/index.php\/wp-json\/wp\/v2\/posts\/74496\/revisions\/74498"}],"wp:featuredmedia":[{"embeddable":true,"href":"https:\/\/lahora.mx\/index.php\/wp-json\/wp\/v2\/media\/74497"}],"wp:attachment":[{"href":"https:\/\/lahora.mx\/index.php\/wp-json\/wp\/v2\/media?parent=74496"}],"wp:term":[{"taxonomy":"category","embeddable":true,"href":"https:\/\/lahora.mx\/index.php\/wp-json\/wp\/v2\/categories?post=74496"},{"taxonomy":"post_tag","embeddable":true,"href":"https:\/\/lahora.mx\/index.php\/wp-json\/wp\/v2\/tags?post=74496"}],"curies":[{"name":"wp","href":"https:\/\/api.w.org\/{rel}","templated":true}]}}