{"id":74484,"date":"2026-01-09T16:14:27","date_gmt":"2026-01-09T16:14:27","guid":{"rendered":"https:\/\/lahora.mx\/?p=74484"},"modified":"2026-01-09T16:14:28","modified_gmt":"2026-01-09T16:14:28","slug":"puebla-segundo-cluster-educativo-mas-importante-forma-lideres-con-vision-humanista","status":"publish","type":"post","link":"https:\/\/lahora.mx\/index.php\/2026\/01\/09\/puebla-segundo-cluster-educativo-mas-importante-forma-lideres-con-vision-humanista\/","title":{"rendered":"Puebla, segundo cl\u00faster educativo m\u00e1s importante, forma l\u00edderes con visi\u00f3n humanista"},"content":{"rendered":"\n<p>Con el segundo cl\u00faster educativo m\u00e1s importante del pa\u00eds, Puebla genera desarrollo, atracci\u00f3n de talento, innovaci\u00f3n y competitividad nacional desde la educaci\u00f3n superior de calidad, se\u00f1al\u00f3 el gobernador Alejandro Armenta, durante la inauguraci\u00f3n del Edificio Liderazgo de la Universidad An\u00e1huac.<\/p>\n\n\n\n<p>Record\u00f3 que la entidad cuenta con m\u00e1s de 14 mil 500 instituciones educativas y m\u00e1s de 480 universidades, al impulsar infraestructura estrat\u00e9gica de alto impacto acad\u00e9mico. Destac\u00f3 que estos centros educativos cumplen un papel central en la transformaci\u00f3n del pa\u00eds y reconoci\u00f3 la aportaci\u00f3n de la Universidad An\u00e1huac en la formaci\u00f3n de l\u00edderes con valores y principios; de ah\u00ed que egresados de esta instituci\u00f3n formen parte de la administraci\u00f3n estatal, lo que refleja una coincidencia humanista en la gesti\u00f3n p\u00fablica y privada.<br>El gobernador Alejandro Armenta indic\u00f3 que el nuevo edificio representa liderazgo con responsabilidad social y reconoci\u00f3 a la An\u00e1huac como un eje clave del cl\u00faster educativo poblano. Asimismo, felicit\u00f3 al rector Jos\u00e9 Mata Temoltzin por quince a\u00f1os de conducci\u00f3n acad\u00e9mica y por consolidar un proyecto universitario que distingue a Puebla a nivel nacional.<\/p>\n\n\n\n<p>Por su parte, el rector Jos\u00e9 Mata Temoltzin afirm\u00f3 que el Edificio Liderazgo An\u00e1huac, con m\u00e1s de ocho mil 700 metros cuadrados de construcci\u00f3n y una inversi\u00f3n cercana a 490 millones de pesos, simboliza confianza, visi\u00f3n de largo plazo y compromiso con el futuro del estado. Indic\u00f3 que la obra fortalece un modelo educativo integral basado en excelencia acad\u00e9mica, formaci\u00f3n humana y servicio.<\/p>\n\n\n\n<p>En su mensaje, el presidente de la Junta de Gobierno de la Red de Universidades An\u00e1huac, padre Alberto Sim\u00e1n, afirm\u00f3 que el Edificio Liderazgo An\u00e1huac marca un antes y un despu\u00e9s en la historia de la instituci\u00f3n y representa una luz para Puebla y para M\u00e9xico. Resalt\u00f3 que este espacio no solo responde a criterios arquitect\u00f3nicos y acad\u00e9micos, sino que fortalece una misi\u00f3n que trasciende lo educativo, al formar l\u00edderes comprometidos con la verdad, el bien com\u00fan y el servicio a la sociedad.<\/p>\n\n\n\n<p>\u201cLa universidad no se mide por su infraestructura, sino por la calidad humana de sus estudiantes, profesores y egresados\u201d, as\u00ed lo mencion\u00f3 el presidente de la Federaci\u00f3n de Alumnos de la Universidad An\u00e1huac, Travis David P\u00e9rez Amezcua, quien destac\u00f3 que el edificio simboliza el trabajo en comunidad y la responsabilidad que implica el liderazgo cotidiano. Finalmente subray\u00f3 que este nuevo espacio impulsar\u00e1 a las futuras generaciones a asumir retos, transformar su entorno y contribuir activamente al desarrollo de Puebla.<\/p>\n","protected":false},"excerpt":{"rendered":"<p>Con el segundo cl\u00faster educativo m\u00e1s importante del pa\u00eds, Puebla genera desarrollo, atracci\u00f3n de talento, innovaci\u00f3n y competitividad nacional desde la educaci\u00f3n superior de calidad, se\u00f1al\u00f3 el gobernador Alejandro Armenta, durante la inauguraci\u00f3n del Edificio Liderazgo de la Universidad An\u00e1huac. Record\u00f3 que la entidad cuenta con m\u00e1s de 14 mil 500 instituciones educativas y m\u00e1s [&hellip;]<\/p>\n","protected":false},"author":1,"featured_media":74485,"comment_status":"open","ping_status":"open","sticky":false,"template":"","format":"standard","meta":{"om_disable_all_campaigns":false,"_monsterinsights_skip_tracking":false,"_monsterinsights_sitenote_active":false,"_monsterinsights_sitenote_note":"","_monsterinsights_sitenote_category":0,"footnotes":""},"categories":[175],"tags":[239,195,223],"class_list":["post-74484","post","type-post","status-publish","format-standard","has-post-thumbnail","hentry","category-local","tag-gobierno","tag-principal","tag-puebla"],"amp_enabled":true,"_links":{"self":[{"href":"https:\/\/lahora.mx\/index.php\/wp-json\/wp\/v2\/posts\/74484","targetHints":{"allow":["GET"]}}],"collection":[{"href":"https:\/\/lahora.mx\/index.php\/wp-json\/wp\/v2\/posts"}],"about":[{"href":"https:\/\/lahora.mx\/index.php\/wp-json\/wp\/v2\/types\/post"}],"author":[{"embeddable":true,"href":"https:\/\/lahora.mx\/index.php\/wp-json\/wp\/v2\/users\/1"}],"replies":[{"embeddable":true,"href":"https:\/\/lahora.mx\/index.php\/wp-json\/wp\/v2\/comments?post=74484"}],"version-history":[{"count":1,"href":"https:\/\/lahora.mx\/index.php\/wp-json\/wp\/v2\/posts\/74484\/revisions"}],"predecessor-version":[{"id":74486,"href":"https:\/\/lahora.mx\/index.php\/wp-json\/wp\/v2\/posts\/74484\/revisions\/74486"}],"wp:featuredmedia":[{"embeddable":true,"href":"https:\/\/lahora.mx\/index.php\/wp-json\/wp\/v2\/media\/74485"}],"wp:attachment":[{"href":"https:\/\/lahora.mx\/index.php\/wp-json\/wp\/v2\/media?parent=74484"}],"wp:term":[{"taxonomy":"category","embeddable":true,"href":"https:\/\/lahora.mx\/index.php\/wp-json\/wp\/v2\/categories?post=74484"},{"taxonomy":"post_tag","embeddable":true,"href":"https:\/\/lahora.mx\/index.php\/wp-json\/wp\/v2\/tags?post=74484"}],"curies":[{"name":"wp","href":"https:\/\/api.w.org\/{rel}","templated":true}]}}