{"id":74475,"date":"2026-01-09T16:11:37","date_gmt":"2026-01-09T16:11:37","guid":{"rendered":"https:\/\/lahora.mx\/?p=74475"},"modified":"2026-01-09T16:11:38","modified_gmt":"2026-01-09T16:11:38","slug":"agentes-del-ice-hieren-a-dos-personas-durante-el-operativo-en-portland","status":"publish","type":"post","link":"https:\/\/lahora.mx\/index.php\/2026\/01\/09\/agentes-del-ice-hieren-a-dos-personas-durante-el-operativo-en-portland\/","title":{"rendered":"Agentes del ICE hieren a dos personas durante el operativo en Portland"},"content":{"rendered":"\n<p>Dos personas resultaron heridas por disparos presuntamente realizados por agentes del Servicio de Inmigraci\u00f3n y Control de Aduanas (ICE, por sus siglas en ingl\u00e9s) en la ciudad de Portland. Las v\u00edctimas, un hombre y una mujer cuya identidad no ha sido revelada, fueron trasladadas de emergencia a un hospital local, aunque hasta el momento se desconoce su estado de salud.<\/p>\n\n\n\n<p>De acuerdo con un comunicado difundido por el Departamento de Polic\u00eda de Portland en su cuenta oficial de X, los agentes acudieron al sitio tras recibir informes sobre el tiroteo y confirmaron la posible participaci\u00f3n del personal del ICE en el incidente.<br>El Bur\u00f3 Federal de Investigaciones (FBI) tambi\u00e9n reconoci\u00f3 inicialmente, a trav\u00e9s de una publicaci\u00f3n en la misma red social, que los agentes migratorios estaban involucrados; Sin embargo, el mensaje fue eliminado poco despu\u00e9s sin ofrecer explicaciones adicionales.<\/p>\n\n\n\n<p>Las autoridades locales han evitado precisar las circunstancias en las que ocurrieron los disparos y si estos se produjeron durante una operaci\u00f3n oficial. El jefe de la polic\u00eda de Portland, Bob Day , pidi\u00f3 a la ciudadan\u00eda \u201cmantener la calma\u201d mientras se desarrolla la investigaci\u00f3n.<\/p>\n\n\n\n<p>El hecho ocurre apenas un d\u00eda despu\u00e9s del caso que provoc\u00f3 conmoci\u00f3n en Minneapolis , donde una mujer identificada como Renee Good muri\u00f3 a manos de un agente del ICE durante una redada migratoria. Dicho suceso ha generado protestas e indignaci\u00f3n en varias ciudades del pa\u00eds, en medio de un clima de creciente tensi\u00f3n por la pol\u00edtica migratoria del presidente Donald Trump , a la que se atribuyen al menos siete muertes en los \u00faltimos meses.<\/p>\n","protected":false},"excerpt":{"rendered":"<p>Dos personas resultaron heridas por disparos presuntamente realizados por agentes del Servicio de Inmigraci\u00f3n y Control de Aduanas (ICE, por sus siglas en ingl\u00e9s) en la ciudad de Portland. Las v\u00edctimas, un hombre y una mujer cuya identidad no ha sido revelada, fueron trasladadas de emergencia a un hospital local, aunque hasta el momento se [&hellip;]<\/p>\n","protected":false},"author":1,"featured_media":74476,"comment_status":"open","ping_status":"open","sticky":false,"template":"","format":"standard","meta":{"om_disable_all_campaigns":false,"_monsterinsights_skip_tracking":false,"_monsterinsights_sitenote_active":false,"_monsterinsights_sitenote_note":"","_monsterinsights_sitenote_category":0,"footnotes":""},"categories":[183],"tags":[],"class_list":["post-74475","post","type-post","status-publish","format-standard","has-post-thumbnail","hentry","category-internacional"],"amp_enabled":true,"_links":{"self":[{"href":"https:\/\/lahora.mx\/index.php\/wp-json\/wp\/v2\/posts\/74475","targetHints":{"allow":["GET"]}}],"collection":[{"href":"https:\/\/lahora.mx\/index.php\/wp-json\/wp\/v2\/posts"}],"about":[{"href":"https:\/\/lahora.mx\/index.php\/wp-json\/wp\/v2\/types\/post"}],"author":[{"embeddable":true,"href":"https:\/\/lahora.mx\/index.php\/wp-json\/wp\/v2\/users\/1"}],"replies":[{"embeddable":true,"href":"https:\/\/lahora.mx\/index.php\/wp-json\/wp\/v2\/comments?post=74475"}],"version-history":[{"count":1,"href":"https:\/\/lahora.mx\/index.php\/wp-json\/wp\/v2\/posts\/74475\/revisions"}],"predecessor-version":[{"id":74477,"href":"https:\/\/lahora.mx\/index.php\/wp-json\/wp\/v2\/posts\/74475\/revisions\/74477"}],"wp:featuredmedia":[{"embeddable":true,"href":"https:\/\/lahora.mx\/index.php\/wp-json\/wp\/v2\/media\/74476"}],"wp:attachment":[{"href":"https:\/\/lahora.mx\/index.php\/wp-json\/wp\/v2\/media?parent=74475"}],"wp:term":[{"taxonomy":"category","embeddable":true,"href":"https:\/\/lahora.mx\/index.php\/wp-json\/wp\/v2\/categories?post=74475"},{"taxonomy":"post_tag","embeddable":true,"href":"https:\/\/lahora.mx\/index.php\/wp-json\/wp\/v2\/tags?post=74475"}],"curies":[{"name":"wp","href":"https:\/\/api.w.org\/{rel}","templated":true}]}}