{"id":74456,"date":"2026-01-09T01:11:42","date_gmt":"2026-01-09T01:11:42","guid":{"rendered":"https:\/\/lahora.mx\/?p=74456"},"modified":"2026-01-09T01:11:43","modified_gmt":"2026-01-09T01:11:43","slug":"familiares-de-paciente-que-fallecio-en-imss-tehuacan-piden-a-la-fge-investigar-el-caso","status":"publish","type":"post","link":"https:\/\/lahora.mx\/index.php\/2026\/01\/09\/familiares-de-paciente-que-fallecio-en-imss-tehuacan-piden-a-la-fge-investigar-el-caso\/","title":{"rendered":"Familiares de paciente que falleci\u00f3 en IMSS Tehuac\u00e1n piden a la FGE investigar el caso"},"content":{"rendered":"\n<p>Familiares de Roberto, de 34 a\u00f1os de edad y originario de la junta auxiliar de Santa Cruz Acapa, perteneciente a Tehuac\u00e1n, solicitaron a la Fiscal\u00eda General del Estado que se investiguen las causas de su fallecimiento, ocurrido en el Hospital General de Zona No. 15 del Instituto Mexicano del Seguro Social (IMSS), al considerar que existen inconsistencias en las circunstancias del deceso.<\/p>\n\n\n\n<p>Los inconformes se\u00f1alaron que, pese a que de manera preliminar se les inform\u00f3 que la muerte fue por causas naturales, tuvieron que manifestarse para lograr que se le practicara la necropsia de ley, ya que inicialmente -aseguran- se pretend\u00eda cremar el cuerpo de manera inmediata.<br>Indicaron que las dudas surgieron debido a que Roberto se encontraba en aparente buen estado de salud antes de ser ingresado al hospital. Sin embargo, una vez internado, su esposa, personal m\u00e9dico, guardias de seguridad e incluso directivos del nosocomio les impidieron ingresar a visitarlo o conocer su estado de salud.<\/p>\n\n\n\n<p>Afirmaron que, pese a solicitar en repetidas ocasiones informaci\u00f3n a la trabajadora social, nunca lograron hablar con ella, y \u00fanicamente se les notific\u00f3 su fallecimiento, sin mayores explicaciones.<\/p>\n\n\n\n<p>Los familiares comentaron que Roberto desempe\u00f1aba dos trabajos, uno de ellos como taquero, y que el pasado s\u00e1bado labor\u00f3 de manera normal. Posteriormente, solo se les inform\u00f3 que se encontraba en cama tras haber sufrido una supuesta ca\u00edda en el ba\u00f1o, y d\u00edas despu\u00e9s, este mi\u00e9rcoles, se les notific\u00f3 su fallecimiento.<\/p>\n\n\n\n<p>Agregaron que el cuerpo presentaba presuntamente hematomas y ara\u00f1ones, lo que hace suponer que pudo haber sido golpeado, por lo que exigieron que se esclarezca el caso y se investigue el actuar del personal del IMSS involucrado.<\/p>\n\n\n\n<p>Finalmente, pidieron a las autoridades ministeriales que se llegue hasta las \u00faltimas consecuencias para determinar la causa real de la muerte y deslindar responsabilidades.<\/p>\n","protected":false},"excerpt":{"rendered":"<p>Familiares de Roberto, de 34 a\u00f1os de edad y originario de la junta auxiliar de Santa Cruz Acapa, perteneciente a Tehuac\u00e1n, solicitaron a la Fiscal\u00eda General del Estado que se investiguen las causas de su fallecimiento, ocurrido en el Hospital General de Zona No. 15 del Instituto Mexicano del Seguro Social (IMSS), al considerar que [&hellip;]<\/p>\n","protected":false},"author":1,"featured_media":74457,"comment_status":"open","ping_status":"open","sticky":false,"template":"","format":"standard","meta":{"om_disable_all_campaigns":false,"_monsterinsights_skip_tracking":false,"_monsterinsights_sitenote_active":false,"_monsterinsights_sitenote_note":"","_monsterinsights_sitenote_category":0,"footnotes":""},"categories":[175],"tags":[],"class_list":["post-74456","post","type-post","status-publish","format-standard","has-post-thumbnail","hentry","category-local"],"amp_enabled":true,"_links":{"self":[{"href":"https:\/\/lahora.mx\/index.php\/wp-json\/wp\/v2\/posts\/74456","targetHints":{"allow":["GET"]}}],"collection":[{"href":"https:\/\/lahora.mx\/index.php\/wp-json\/wp\/v2\/posts"}],"about":[{"href":"https:\/\/lahora.mx\/index.php\/wp-json\/wp\/v2\/types\/post"}],"author":[{"embeddable":true,"href":"https:\/\/lahora.mx\/index.php\/wp-json\/wp\/v2\/users\/1"}],"replies":[{"embeddable":true,"href":"https:\/\/lahora.mx\/index.php\/wp-json\/wp\/v2\/comments?post=74456"}],"version-history":[{"count":1,"href":"https:\/\/lahora.mx\/index.php\/wp-json\/wp\/v2\/posts\/74456\/revisions"}],"predecessor-version":[{"id":74458,"href":"https:\/\/lahora.mx\/index.php\/wp-json\/wp\/v2\/posts\/74456\/revisions\/74458"}],"wp:featuredmedia":[{"embeddable":true,"href":"https:\/\/lahora.mx\/index.php\/wp-json\/wp\/v2\/media\/74457"}],"wp:attachment":[{"href":"https:\/\/lahora.mx\/index.php\/wp-json\/wp\/v2\/media?parent=74456"}],"wp:term":[{"taxonomy":"category","embeddable":true,"href":"https:\/\/lahora.mx\/index.php\/wp-json\/wp\/v2\/categories?post=74456"},{"taxonomy":"post_tag","embeddable":true,"href":"https:\/\/lahora.mx\/index.php\/wp-json\/wp\/v2\/tags?post=74456"}],"curies":[{"name":"wp","href":"https:\/\/api.w.org\/{rel}","templated":true}]}}