{"id":74397,"date":"2026-01-08T16:50:51","date_gmt":"2026-01-08T16:50:51","guid":{"rendered":"https:\/\/lahora.mx\/?p=74397"},"modified":"2026-01-08T16:50:52","modified_gmt":"2026-01-08T16:50:52","slug":"tractores-irrumpen-en-paris-contra-acuerdo-ue-mercosur","status":"publish","type":"post","link":"https:\/\/lahora.mx\/index.php\/2026\/01\/08\/tractores-irrumpen-en-paris-contra-acuerdo-ue-mercosur\/","title":{"rendered":"Tractores irrumpen en Par\u00eds contra acuerdo UE\u2013Mercosur"},"content":{"rendered":"\n<p>Agricultores y ganaderos se manifestaron este jueves frente a la Asamblea Nacional de Francia tras ingresar alrededor de un centenar de tractores a Par\u00eds , en protesta contra los aviones de la Uni\u00f3n Europea (UE) para avanzar en un acuerdo de libre comercio con el Mercosur .<\/p>\n\n\n\n<p>Desde hace a\u00f1os, los productores franceses han denunciado el acuerdo comercial con el Mercosur \u2014integrado por Brasil, Argentina, Bolivia, Paraguay y Uruguay\u2014 al considerar que perjudica los medios de vida de los agricultores y ganaderos del pa\u00eds.<br>La movilizaci\u00f3n fue organizada por el sindicato Coordinaci\u00f3n Rural , con el objetivo de presionar al gobierno franc\u00e9s , al que acusan de no mostrar una oposici\u00f3n firme frente al acuerdo. Los manifestantes se concentraron bajo una fuerte vigilancia policial frente al Parlamento.<\/p>\n\n\n\n<p>\u201cEl objetivo es venir a Par\u00eds para expresar nuestras demandas m\u00e1s cerca de quienes tienen el poder \u201d, afirm\u00f3 Jos\u00e9 P\u00e9rez , presidente de Coordinaci\u00f3n Rural en la regi\u00f3n de Lot y Garona , quien calific\u00f3 la protesta como un \u201cs\u00edmbolo fuerte\u201d .<\/p>\n\n\n\n<p>Las preocupaciones por el acuerdo con el Mercosur se suman al ojo por las medidas sanitarias del gobierno para frenar la propagaci\u00f3n de una enfermedad bovina , que incluyen el sacrificio masivo de ganado , destac\u00f3 P\u00e9rez.<\/p>\n\n\n\n<p>Por su parte, Ludovic Dupeux , de Coordinaci\u00f3n Rural en C\u00f3rcega , lleg\u00f3 a la capital tras un largo trayecto en barco, tractor y tren , y afirm\u00f3 que el presidente Emmanuel Macron no hab\u00eda hecho lo suficiente para impedir la firma del acuerdo. \u201cQueremos que Macron est\u00e9 del lado de los agricultores \u201d, se\u00f1al\u00f3.<\/p>\n\n\n\n<p>El Ministerio del Interior inform\u00f3 que unos 20 tractores lograron ingresar al centro de Par\u00eds , algunos en el Arco de Triunfo y otros en la zona de la Torre Eiffel , pese a la prohibici\u00f3n de las autoridades. No obstante, la mayor\u00eda fue bloqueada en accesos y arterias clave que delimitan la ciudad.<\/p>\n\n\n\n<p>Esta semana, la UE retom\u00f3 las negociaciones internas sobre el acuerdo, ante versiones de que podr\u00eda firmarse en Paraguay el 12 de enero . Alemania , principal impulsor, podr\u00eda superar las objeciones de Francia y Polonia , aunque la oposici\u00f3n francesa ya logr\u00f3 descarrilar el acuerdo el mes pasado.<\/p>\n\n\n\n<p>La ministra de Agricultura , Annie Genevard , reiter\u00f3 la oposici\u00f3n de Francia al pacto, al anunciar que amenaza sectores como la carne de res , pollo , az\u00facar , etanol y miel , entre otros.<\/p>\n","protected":false},"excerpt":{"rendered":"<p>Agricultores y ganaderos se manifestaron este jueves frente a la Asamblea Nacional de Francia tras ingresar alrededor de un centenar de tractores a Par\u00eds , en protesta contra los aviones de la Uni\u00f3n Europea (UE) para avanzar en un acuerdo de libre comercio con el Mercosur . Desde hace a\u00f1os, los productores franceses han denunciado [&hellip;]<\/p>\n","protected":false},"author":1,"featured_media":74398,"comment_status":"open","ping_status":"open","sticky":false,"template":"","format":"standard","meta":{"om_disable_all_campaigns":false,"_monsterinsights_skip_tracking":false,"_monsterinsights_sitenote_active":false,"_monsterinsights_sitenote_note":"","_monsterinsights_sitenote_category":0,"footnotes":""},"categories":[183],"tags":[],"class_list":["post-74397","post","type-post","status-publish","format-standard","has-post-thumbnail","hentry","category-internacional"],"amp_enabled":true,"_links":{"self":[{"href":"https:\/\/lahora.mx\/index.php\/wp-json\/wp\/v2\/posts\/74397","targetHints":{"allow":["GET"]}}],"collection":[{"href":"https:\/\/lahora.mx\/index.php\/wp-json\/wp\/v2\/posts"}],"about":[{"href":"https:\/\/lahora.mx\/index.php\/wp-json\/wp\/v2\/types\/post"}],"author":[{"embeddable":true,"href":"https:\/\/lahora.mx\/index.php\/wp-json\/wp\/v2\/users\/1"}],"replies":[{"embeddable":true,"href":"https:\/\/lahora.mx\/index.php\/wp-json\/wp\/v2\/comments?post=74397"}],"version-history":[{"count":1,"href":"https:\/\/lahora.mx\/index.php\/wp-json\/wp\/v2\/posts\/74397\/revisions"}],"predecessor-version":[{"id":74399,"href":"https:\/\/lahora.mx\/index.php\/wp-json\/wp\/v2\/posts\/74397\/revisions\/74399"}],"wp:featuredmedia":[{"embeddable":true,"href":"https:\/\/lahora.mx\/index.php\/wp-json\/wp\/v2\/media\/74398"}],"wp:attachment":[{"href":"https:\/\/lahora.mx\/index.php\/wp-json\/wp\/v2\/media?parent=74397"}],"wp:term":[{"taxonomy":"category","embeddable":true,"href":"https:\/\/lahora.mx\/index.php\/wp-json\/wp\/v2\/categories?post=74397"},{"taxonomy":"post_tag","embeddable":true,"href":"https:\/\/lahora.mx\/index.php\/wp-json\/wp\/v2\/tags?post=74397"}],"curies":[{"name":"wp","href":"https:\/\/api.w.org\/{rel}","templated":true}]}}