{"id":74391,"date":"2026-01-08T16:48:18","date_gmt":"2026-01-08T16:48:18","guid":{"rendered":"https:\/\/lahora.mx\/?p=74391"},"modified":"2026-01-08T16:48:19","modified_gmt":"2026-01-08T16:48:19","slug":"gobernacion-municipal-al-pendiente-de-viviendas-afectadas-por-incendio-en-spc","status":"publish","type":"post","link":"https:\/\/lahora.mx\/index.php\/2026\/01\/08\/gobernacion-municipal-al-pendiente-de-viviendas-afectadas-por-incendio-en-spc\/","title":{"rendered":"Gobernaci\u00f3n municipal al pendiente de viviendas afectadas por incendio en SPC"},"content":{"rendered":"\n<p>El secretario de gobernaci\u00f3n de San Pedro Cholula, Carlos Carrillo Cortes, dio a conocer que est\u00e1n mediando y tomando las acciones necesarias para que la empresa de tubos de PVC se responsabilice por el incendio que afect\u00f3 nueve viviendas.<\/p>\n\n\n\n<p>Detall\u00f3 que este es un proceso largo ya que al momento la aseguradora est\u00e1 realizando las investigaciones correspondientes, todo ello con el acompa\u00f1amiento del \u00e1rea de Protecci\u00f3n Civil, que fueron los encargados de apagar este siniestro, que se origin\u00f3 el primer d\u00eda de este a\u00f1o.<br><br>Expres\u00f3 que producto de este incendio, nueve viviendas resultaron afectadas con da\u00f1os en sistemas el\u00e9ctrico, cableado y en sus tinacos, mientras que el hogar m\u00e1s cercano, de la familia Aguilar Rueda, qued\u00f3 con da\u00f1os en tres recamaras perdiendo ropa y muebles.<\/p>\n\n\n\n<p>Abund\u00f3 que de forma constante se est\u00e1n haciendo recorridos con las familias afectadas, y se les han ofrecido apoyos como albergue, y el DIF estar\u00e1 disponiendo de otras acciones para brindar un respaldo.<\/p>\n\n\n\n<p>Agreg\u00f3 que la empresa est\u00e1 en la disposici\u00f3n de hacer la reparaci\u00f3n del da\u00f1o, sin embargo, tendr\u00e1n que esperar a realizar los tr\u00e1mites correspondientes para que esto se concrete.<\/p>\n\n\n\n<p>El pasado primero de enero en la madrugada, la comunidad de San Mat\u00edas Cocoyotla se vivieron momentos de tensi\u00f3n por el incendio de esta f\u00e1brica de tubos de PVC en donde la rapidez en la atenci\u00f3n permiti\u00f3 frenar alguna otra situaci\u00f3n.<\/p>\n","protected":false},"excerpt":{"rendered":"<p>El secretario de gobernaci\u00f3n de San Pedro Cholula, Carlos Carrillo Cortes, dio a conocer que est\u00e1n mediando y tomando las acciones necesarias para que la empresa de tubos de PVC se responsabilice por el incendio que afect\u00f3 nueve viviendas. Detall\u00f3 que este es un proceso largo ya que al momento la aseguradora est\u00e1 realizando las [&hellip;]<\/p>\n","protected":false},"author":1,"featured_media":74392,"comment_status":"open","ping_status":"open","sticky":false,"template":"","format":"standard","meta":{"om_disable_all_campaigns":false,"_monsterinsights_skip_tracking":false,"_monsterinsights_sitenote_active":false,"_monsterinsights_sitenote_note":"","_monsterinsights_sitenote_category":0,"footnotes":""},"categories":[175],"tags":[234,223],"class_list":["post-74391","post","type-post","status-publish","format-standard","has-post-thumbnail","hentry","category-local","tag-cholula","tag-puebla"],"amp_enabled":true,"_links":{"self":[{"href":"https:\/\/lahora.mx\/index.php\/wp-json\/wp\/v2\/posts\/74391","targetHints":{"allow":["GET"]}}],"collection":[{"href":"https:\/\/lahora.mx\/index.php\/wp-json\/wp\/v2\/posts"}],"about":[{"href":"https:\/\/lahora.mx\/index.php\/wp-json\/wp\/v2\/types\/post"}],"author":[{"embeddable":true,"href":"https:\/\/lahora.mx\/index.php\/wp-json\/wp\/v2\/users\/1"}],"replies":[{"embeddable":true,"href":"https:\/\/lahora.mx\/index.php\/wp-json\/wp\/v2\/comments?post=74391"}],"version-history":[{"count":1,"href":"https:\/\/lahora.mx\/index.php\/wp-json\/wp\/v2\/posts\/74391\/revisions"}],"predecessor-version":[{"id":74393,"href":"https:\/\/lahora.mx\/index.php\/wp-json\/wp\/v2\/posts\/74391\/revisions\/74393"}],"wp:featuredmedia":[{"embeddable":true,"href":"https:\/\/lahora.mx\/index.php\/wp-json\/wp\/v2\/media\/74392"}],"wp:attachment":[{"href":"https:\/\/lahora.mx\/index.php\/wp-json\/wp\/v2\/media?parent=74391"}],"wp:term":[{"taxonomy":"category","embeddable":true,"href":"https:\/\/lahora.mx\/index.php\/wp-json\/wp\/v2\/categories?post=74391"},{"taxonomy":"post_tag","embeddable":true,"href":"https:\/\/lahora.mx\/index.php\/wp-json\/wp\/v2\/tags?post=74391"}],"curies":[{"name":"wp","href":"https:\/\/api.w.org\/{rel}","templated":true}]}}