{"id":74387,"date":"2026-01-08T03:53:10","date_gmt":"2026-01-08T03:53:10","guid":{"rendered":"https:\/\/lahora.mx\/?p=74387"},"modified":"2026-01-08T03:53:11","modified_gmt":"2026-01-08T03:53:11","slug":"detienen-en-puebla-eduardo-n-ex-comisionado-del-sistema-penitenciario-y-relacionado-con-garcia-luna","status":"publish","type":"post","link":"https:\/\/lahora.mx\/index.php\/2026\/01\/08\/detienen-en-puebla-eduardo-n-ex-comisionado-del-sistema-penitenciario-y-relacionado-con-garcia-luna\/","title":{"rendered":"Detienen en Puebla Eduardo N. ex comisionado del sistema penitenciario y relacionado con Garc\u00eda Luna"},"content":{"rendered":"\n<p>Es acusado de haber suscrito contratos con penales a cargo de Garc\u00eda Luna con el fin de llevar a cabo una supuesta operaci\u00f3n de lavado de dinero<\/p>\n\n\n\n<p>La Fiscal\u00eda General de la Rep\u00fablica (FGR) confirm\u00f3 la detenci\u00f3n de&nbsp;<strong>Eduardo N.&nbsp;<\/strong>en territorio del estado de&nbsp;<strong>Puebla<\/strong>&nbsp;este mi\u00e9rcoles 7 de enero.<\/p>\n\n\n\n<p>Se trata de un exfuncionario se\u00f1alado por su probable participaci\u00f3n en los delitos de peculado y delincuencia organizada, adem\u00e1s de estar relacionado con el exsecretario de Seguridad P\u00fablica Federal,&nbsp;<a href=\"https:\/\/www.e-consulta.com\/nota\/2025-12-15\/mundo\/genaro-garcia-luna-presentara-apelacion-su-condena\">Genaro Garc\u00eda Luna<\/a>.<\/p>\n\n\n\n<p>A<strong>\u00a0Eduardo N se le acusa de haber suscrito contratos con penales a cargo de Garc\u00eda Luna<\/strong>\u00a0con el fin de llevar a cabo esta supuesta operaci\u00f3n de<strong>\u00a0<a href=\"https:\/\/oem.com.mx\/elsoldemexico\/mexico\/el-consorcio-de-duarte-obtuvo-millones-de-pesos-en-contratos-mientras-cumple-su-condena-27169005\" target=\"_blank\" rel=\"noreferrer noopener\">lavado de dinero.<\/a><\/strong><\/p>\n\n\n\n<p>La captura fue confirmada por el titular de la Fiscal\u00eda Especial en Investigaci\u00f3n de Asuntos Relevantes (FEAI) y vocero de la FGR,\u00a0<strong>Ulises Lara L\u00f3pez<\/strong>, quien inform\u00f3 que el aseguramiento se llev\u00f3 a cabo mediante un operativo coordinado con\u00a0<strong>autoridades federales<\/strong>\u00a0en territorio poblano.<\/p>\n\n\n\n<figure class=\"wp-block-embed is-type-rich is-provider-twitter wp-block-embed-twitter\"><div class=\"wp-block-embed__wrapper\">\n<blockquote class=\"twitter-tweet\" data-width=\"550\" data-dnt=\"true\"><p lang=\"es\" dir=\"ltr\">En el estado de <a href=\"https:\/\/twitter.com\/hashtag\/Puebla?src=hash&amp;ref_src=twsrc%5Etfw\">#Puebla<\/a>, polic\u00edas federales ministeriales de la <a href=\"https:\/\/twitter.com\/hashtag\/FGR?src=hash&amp;ref_src=twsrc%5Etfw\">#FGR<\/a> aprehendieron a Eduardo \u201cN\u201d, por su probable participaci\u00f3n en los delitos de peculado y delincuencia organizada con la finalidad de realizar operaciones con recursos de procedencia il\u00edcita. 1\/3 <a href=\"https:\/\/t.co\/iCKacJlGyR\">pic.twitter.com\/iCKacJlGyR<\/a><\/p>&mdash; FGR M\u00e9xico (@FGRMexico) <a href=\"https:\/\/twitter.com\/FGRMexico\/status\/2009023369631453390?ref_src=twsrc%5Etfw\">January 7, 2026<\/a><\/blockquote><script async src=\"https:\/\/platform.twitter.com\/widgets.js\" charset=\"utf-8\"><\/script>\n<\/div><\/figure>\n\n\n\n<p>Junto a este personaje, y como parte de esta supuesta red, han sido\u00a0<strong>detenidos<\/strong>\u00a0<strong>Jes\u00fas Alberto N y Mar\u00eda Vanesa N<\/strong>, excolaboradores de Garc\u00eda Luna ya\u00a0<strong>procesados penalmente y recluidos en c\u00e1rceles federales.<\/strong><\/p>\n\n\n\n<p><\/p>\n","protected":false},"excerpt":{"rendered":"<p>Es acusado de haber suscrito contratos con penales a cargo de Garc\u00eda Luna con el fin de llevar a cabo una supuesta operaci\u00f3n de lavado de dinero La Fiscal\u00eda General de la Rep\u00fablica (FGR) confirm\u00f3 la detenci\u00f3n de&nbsp;Eduardo N.&nbsp;en territorio del estado de&nbsp;Puebla&nbsp;este mi\u00e9rcoles 7 de enero. Se trata de un exfuncionario se\u00f1alado por su [&hellip;]<\/p>\n","protected":false},"author":1,"featured_media":74388,"comment_status":"open","ping_status":"open","sticky":false,"template":"","format":"standard","meta":{"om_disable_all_campaigns":false,"_monsterinsights_skip_tracking":false,"_monsterinsights_sitenote_active":false,"_monsterinsights_sitenote_note":"","_monsterinsights_sitenote_category":0,"footnotes":""},"categories":[176],"tags":[239,195,223,282],"class_list":["post-74387","post","type-post","status-publish","format-standard","has-post-thumbnail","hentry","category-nacional","tag-gobierno","tag-principal","tag-puebla","tag-seguridad"],"amp_enabled":true,"_links":{"self":[{"href":"https:\/\/lahora.mx\/index.php\/wp-json\/wp\/v2\/posts\/74387","targetHints":{"allow":["GET"]}}],"collection":[{"href":"https:\/\/lahora.mx\/index.php\/wp-json\/wp\/v2\/posts"}],"about":[{"href":"https:\/\/lahora.mx\/index.php\/wp-json\/wp\/v2\/types\/post"}],"author":[{"embeddable":true,"href":"https:\/\/lahora.mx\/index.php\/wp-json\/wp\/v2\/users\/1"}],"replies":[{"embeddable":true,"href":"https:\/\/lahora.mx\/index.php\/wp-json\/wp\/v2\/comments?post=74387"}],"version-history":[{"count":1,"href":"https:\/\/lahora.mx\/index.php\/wp-json\/wp\/v2\/posts\/74387\/revisions"}],"predecessor-version":[{"id":74389,"href":"https:\/\/lahora.mx\/index.php\/wp-json\/wp\/v2\/posts\/74387\/revisions\/74389"}],"wp:featuredmedia":[{"embeddable":true,"href":"https:\/\/lahora.mx\/index.php\/wp-json\/wp\/v2\/media\/74388"}],"wp:attachment":[{"href":"https:\/\/lahora.mx\/index.php\/wp-json\/wp\/v2\/media?parent=74387"}],"wp:term":[{"taxonomy":"category","embeddable":true,"href":"https:\/\/lahora.mx\/index.php\/wp-json\/wp\/v2\/categories?post=74387"},{"taxonomy":"post_tag","embeddable":true,"href":"https:\/\/lahora.mx\/index.php\/wp-json\/wp\/v2\/tags?post=74387"}],"curies":[{"name":"wp","href":"https:\/\/api.w.org\/{rel}","templated":true}]}}