{"id":7438,"date":"2022-05-27T14:21:08","date_gmt":"2022-05-27T14:21:08","guid":{"rendered":"http:\/\/lahora.mx\/?p=7438"},"modified":"2022-05-27T14:21:11","modified_gmt":"2022-05-27T14:21:11","slug":"se-activa-alerta-sanitaria-por-la-viruela-del-mono-en-puebla","status":"publish","type":"post","link":"https:\/\/lahora.mx\/index.php\/2022\/05\/27\/se-activa-alerta-sanitaria-por-la-viruela-del-mono-en-puebla\/","title":{"rendered":"Se activa alerta sanitaria por la viruela del mono en Puebla"},"content":{"rendered":"\n<p>En Puebla se activ\u00f3 la alerta sanitaria por la viruela del mono, luego de que lo instruyera el gobierno federal, inform\u00f3 el Secretario de Salud, Jos\u00e9 Antonio Mart\u00ednez Garc\u00eda, quien precis\u00f3 que hasta el momento no hay ning\u00fan caso sospechoso o confirmado de la enfermedad.<\/p>\n\n\n\n<p>Durante la conferencia de prensa del gobierno estatal, Mart\u00ednez se\u00f1al\u00f3 que el aviso epidemiol\u00f3gico se emiti\u00f3 ayer y ya fue girado a todas las unidades m\u00e9dicas del estado, desde centros de salud, hospitales generales, integrales y de alta especialidad.<\/p>\n\n\n\n<p>Explic\u00f3 que, tal como se hizo con la nueva hepatitis infantil, se deben crear protocolos para la valoraci\u00f3n de la viruela del mono, debido a que hay enfermedades que se parecen y puede haber duda en el diagn\u00f3stico.<\/p>\n\n\n\n<p><\/p>\n\n\n\n<p><strong>\u201cHacemos gu\u00edas de pr\u00e1ctica cl\u00ednica para el diagn\u00f3stico, con flujogramas de c\u00f3mo se deben de atender todas las enfermedades exantem\u00e1ticas, porque hay muchas enfermedades que se parecen, para ir excluyendo los diagn\u00f3sticos y en los que tengamos duda ya mandar los estudios necesarios y reportarlo inmediatamente al INDRE\u201d,<\/strong>&nbsp;detall\u00f3.<\/p>\n\n\n\n<h2 class=\"wp-block-heading\"><strong>Cumple Puebla 35 d\u00edas sin defunciones por Covid-19.<\/strong><\/h2>\n\n\n\n<p>En otro orden de ideas, el Secretario inform\u00f3 que la entidad cumpli\u00f3 35 d\u00edas sin defunciones a causa de la Covid-19 y que en las \u00faltimas 24 horas se detectaron 13 nuevos casos.<\/p>\n\n\n\n<p>Desglos\u00f3 que actualmente hay 165 casos activos y distribuidos en 18 municipios de la entidad poblana, mientras que la cifra de hospitalizados es de 15, de los cuales dos cuentan con ventilaci\u00f3n mec\u00e1nica asistida.<\/p>\n\n\n\n<p>Finalmente, expres\u00f3 que la dependencia se mantiene atenta al proceso de contrataci\u00f3n de m\u00e9dicos especialistas que inici\u00f3 el gobierno federal para ofrecer 586 plazas en Puebla.<\/p>\n\n\n\n<p>Destac\u00f3 que la federaci\u00f3n ser\u00e1 la responsable de recibir las solicitudes y notificar cu\u00e1les vacantes se cubrieron y en qu\u00e9 instituciones de salud p\u00fablica.<\/p>\n","protected":false},"excerpt":{"rendered":"<p>En Puebla se activ\u00f3 la alerta sanitaria por la viruela del mono, luego de que lo instruyera el gobierno federal, inform\u00f3 el Secretario de Salud, Jos\u00e9 Antonio Mart\u00ednez Garc\u00eda, quien precis\u00f3 que hasta el momento no hay ning\u00fan caso sospechoso o confirmado de la enfermedad. Durante la conferencia de prensa del gobierno estatal, Mart\u00ednez se\u00f1al\u00f3 [&hellip;]<\/p>\n","protected":false},"author":4,"featured_media":7439,"comment_status":"open","ping_status":"open","sticky":false,"template":"","format":"standard","meta":{"om_disable_all_campaigns":false,"_monsterinsights_skip_tracking":false,"_monsterinsights_sitenote_active":false,"_monsterinsights_sitenote_note":"","_monsterinsights_sitenote_category":0,"footnotes":""},"categories":[175],"tags":[195,223],"class_list":["post-7438","post","type-post","status-publish","format-standard","has-post-thumbnail","hentry","category-local","tag-principal","tag-puebla"],"amp_enabled":true,"_links":{"self":[{"href":"https:\/\/lahora.mx\/index.php\/wp-json\/wp\/v2\/posts\/7438","targetHints":{"allow":["GET"]}}],"collection":[{"href":"https:\/\/lahora.mx\/index.php\/wp-json\/wp\/v2\/posts"}],"about":[{"href":"https:\/\/lahora.mx\/index.php\/wp-json\/wp\/v2\/types\/post"}],"author":[{"embeddable":true,"href":"https:\/\/lahora.mx\/index.php\/wp-json\/wp\/v2\/users\/4"}],"replies":[{"embeddable":true,"href":"https:\/\/lahora.mx\/index.php\/wp-json\/wp\/v2\/comments?post=7438"}],"version-history":[{"count":1,"href":"https:\/\/lahora.mx\/index.php\/wp-json\/wp\/v2\/posts\/7438\/revisions"}],"predecessor-version":[{"id":7440,"href":"https:\/\/lahora.mx\/index.php\/wp-json\/wp\/v2\/posts\/7438\/revisions\/7440"}],"wp:featuredmedia":[{"embeddable":true,"href":"https:\/\/lahora.mx\/index.php\/wp-json\/wp\/v2\/media\/7439"}],"wp:attachment":[{"href":"https:\/\/lahora.mx\/index.php\/wp-json\/wp\/v2\/media?parent=7438"}],"wp:term":[{"taxonomy":"category","embeddable":true,"href":"https:\/\/lahora.mx\/index.php\/wp-json\/wp\/v2\/categories?post=7438"},{"taxonomy":"post_tag","embeddable":true,"href":"https:\/\/lahora.mx\/index.php\/wp-json\/wp\/v2\/tags?post=7438"}],"curies":[{"name":"wp","href":"https:\/\/api.w.org\/{rel}","templated":true}]}}