{"id":74377,"date":"2026-01-07T22:40:32","date_gmt":"2026-01-07T22:40:32","guid":{"rendered":"https:\/\/lahora.mx\/?p=74377"},"modified":"2026-01-07T22:40:33","modified_gmt":"2026-01-07T22:40:33","slug":"mundo-de-la-musica-esta-de-luto-fallece-tecladista-de-la-banda-ms","status":"publish","type":"post","link":"https:\/\/lahora.mx\/index.php\/2026\/01\/07\/mundo-de-la-musica-esta-de-luto-fallece-tecladista-de-la-banda-ms\/","title":{"rendered":"Mundo de la m\u00fasica est\u00e1 de luto, fallece tecladista de la Banda MS"},"content":{"rendered":"\n<p class=\"wp-block-paragraph\">El mundo de la m\u00fasica inici\u00f3 el 2026 con malas noticias, ya que Gerson Leos, quien es integrante de la Banda MS, muri\u00f3 el pasado martes seis de enero los 36 a\u00f1os de edad.<\/p>\n\n\n\n<p class=\"wp-block-paragraph\">La noticia fue confirmada por la agrupaci\u00f3n por medio de sus redes sociales, donde se\u00f1alan la gratitud a Leos \u201cpor todo lo que dej\u00f3 en quienes lo conocieron\u201d.<\/p>\n\n\n\n<p class=\"wp-block-paragraph\">\u201cGerson siempre se quedar\u00e1 con nosotros, en su m\u00fasica, en su recuerdo y en cada persona que toc\u00f3 con su camino\u201d, escribi\u00f3 en las redes la Banda MS.<\/p>\n\n\n\n<p class=\"wp-block-paragraph\">Cabe destacar que adem\u00e1s de ser tecladista, guitarrista y bajista, Gerson Leos era apasionado del beisbol y jugaba en un equipo local de Mazatl\u00e1n, Sinaloa.<\/p>\n\n\n\n<p class=\"wp-block-paragraph\">Aparentemente Leos perdi\u00f3 la vida a causa de un infarto fulminante mientras jugaba un partido de beisbol en Mazatl\u00e1n, Sinaloa, en el cual particip\u00f3 el seis de enero en el llamado Torneo de Bandas llevado a cabo en el Club Deportivo Sarabia.<\/p>\n\n\n\n<p class=\"wp-block-paragraph\">Algunos testigos se\u00f1alan que el m\u00fasico se desvaneci\u00f3 de manera repentina, lo que moviliz\u00f3 a servicios de emergencia, fueron elementos de Bomberos Veteranos los primeros respondientes y quienes brindaron los primeros auxilios a Leos, por lo que solo pudieron confirmar que ya no contaba con signos vitales.<\/p>\n\n\n\n<p class=\"wp-block-paragraph\">Gerson Leos se encontraba casado con la cantante mezzosoprano Sarah Holcombe, con quien tuvo tres hijos.<\/p>\n","protected":false},"excerpt":{"rendered":"<p>El mundo de la m\u00fasica inici\u00f3 el 2026 con malas noticias, ya que Gerson Leos, quien es integrante de la Banda MS, muri\u00f3 el pasado martes seis de enero los 36 a\u00f1os de edad. La noticia fue confirmada por la agrupaci\u00f3n por medio de sus redes sociales, donde se\u00f1alan la gratitud a Leos \u201cpor todo [&hellip;]<\/p>\n","protected":false},"author":1,"featured_media":74378,"comment_status":"open","ping_status":"open","sticky":false,"template":"","format":"standard","meta":{"om_disable_all_campaigns":false,"_monsterinsights_skip_tracking":false,"footnotes":""},"categories":[3],"tags":[],"class_list":["post-74377","post","type-post","status-publish","format-standard","has-post-thumbnail","hentry","category-entretenimiento"],"amp_enabled":true,"_links":{"self":[{"href":"https:\/\/lahora.mx\/index.php\/wp-json\/wp\/v2\/posts\/74377","targetHints":{"allow":["GET"]}}],"collection":[{"href":"https:\/\/lahora.mx\/index.php\/wp-json\/wp\/v2\/posts"}],"about":[{"href":"https:\/\/lahora.mx\/index.php\/wp-json\/wp\/v2\/types\/post"}],"author":[{"embeddable":true,"href":"https:\/\/lahora.mx\/index.php\/wp-json\/wp\/v2\/users\/1"}],"replies":[{"embeddable":true,"href":"https:\/\/lahora.mx\/index.php\/wp-json\/wp\/v2\/comments?post=74377"}],"version-history":[{"count":1,"href":"https:\/\/lahora.mx\/index.php\/wp-json\/wp\/v2\/posts\/74377\/revisions"}],"predecessor-version":[{"id":74379,"href":"https:\/\/lahora.mx\/index.php\/wp-json\/wp\/v2\/posts\/74377\/revisions\/74379"}],"wp:featuredmedia":[{"embeddable":true,"href":"https:\/\/lahora.mx\/index.php\/wp-json\/wp\/v2\/media\/74378"}],"wp:attachment":[{"href":"https:\/\/lahora.mx\/index.php\/wp-json\/wp\/v2\/media?parent=74377"}],"wp:term":[{"taxonomy":"category","embeddable":true,"href":"https:\/\/lahora.mx\/index.php\/wp-json\/wp\/v2\/categories?post=74377"},{"taxonomy":"post_tag","embeddable":true,"href":"https:\/\/lahora.mx\/index.php\/wp-json\/wp\/v2\/tags?post=74377"}],"curies":[{"name":"wp","href":"https:\/\/api.w.org\/{rel}","templated":true}]}}