{"id":74356,"date":"2026-01-07T18:10:40","date_gmt":"2026-01-07T18:10:40","guid":{"rendered":"https:\/\/lahora.mx\/?p=74356"},"modified":"2026-01-07T18:29:20","modified_gmt":"2026-01-07T18:29:20","slug":"retira-ayuntamiento-de-puebla-tres-establecimientos-con-uso-de-gas-en-la-margarita","status":"publish","type":"post","link":"https:\/\/lahora.mx\/index.php\/2026\/01\/07\/retira-ayuntamiento-de-puebla-tres-establecimientos-con-uso-de-gas-en-la-margarita\/","title":{"rendered":"Retira Ayuntamiento de Puebla tres establecimientos con uso de gas en La Margarita"},"content":{"rendered":"\n<p>Como resultado de recorridos y supervisiones, el ayuntamiento de Puebla retir\u00f3 tres establecimientos con uso de tanques de gas en la Unidad Habitacional de La Margarita y se hizo el exhorto en otras zonas.<\/p>\n\n\n\n<p>En la primera rueda de prensa de las autoridades municipales en este 2026, el titular de la Secretar\u00eda de Gobernaci\u00f3n, Franco Rodr\u00edguez \u00c1lvarez, hizo un resumen de los Operativos que implementaron en estas fiestas decembrinas.<br>Apunt\u00f3 que el pasado martes seis de enero por la noche, aplicaron Operativos en las Fiestas Patronales de San Baltazar Campeche y San Baltazar Tetela, contando con \u201csaldo blanco\u201d.<\/p>\n\n\n\n<p>Apunt\u00f3 que, durante el operativo de D\u00eda de Reyes, el gobierno de Puebla Capital llev\u00f3 a cabo el aseguramiento de tres tanques de gas en la Unidad Habitacional de la Margarita, lo anterior con la finalidad de prevenir accidentes y llevar actividades comerciales sin ning\u00fan incidente.<\/p>\n\n\n\n<p>Apunt\u00f3 que el acuerdo que entablaron con los comerciantes fue que no vendieran bebidas alcoh\u00f3licas, en algunos casos no respetaron, por lo que incautaron 74 lugares que vend\u00edan alcohol.<\/p>\n\n\n\n<p>Agreg\u00f3 que en el Corredor 5 de Mayo tambi\u00e9n detectaron lugares en la venta de alimentos con tanque de gas, por lo que hicieron la supervisi\u00f3n, pero estaban en \u00f3ptimas condiciones, aunque se les pidi\u00f3 que se retiraran, misma situaci\u00f3n que pas\u00f3 en Amalucan en siete casos.<\/p>\n","protected":false},"excerpt":{"rendered":"<p>Como resultado de recorridos y supervisiones, el ayuntamiento de Puebla retir\u00f3 tres establecimientos con uso de tanques de gas en la Unidad Habitacional de La Margarita y se hizo el exhorto en otras zonas. En la primera rueda de prensa de las autoridades municipales en este 2026, el titular de la Secretar\u00eda de Gobernaci\u00f3n, Franco [&hellip;]<\/p>\n","protected":false},"author":1,"featured_media":74359,"comment_status":"open","ping_status":"open","sticky":false,"template":"","format":"standard","meta":{"om_disable_all_campaigns":false,"_monsterinsights_skip_tracking":false,"_monsterinsights_sitenote_active":false,"_monsterinsights_sitenote_note":"","_monsterinsights_sitenote_category":0,"footnotes":""},"categories":[175],"tags":[],"class_list":["post-74356","post","type-post","status-publish","format-standard","has-post-thumbnail","hentry","category-local"],"amp_enabled":true,"_links":{"self":[{"href":"https:\/\/lahora.mx\/index.php\/wp-json\/wp\/v2\/posts\/74356","targetHints":{"allow":["GET"]}}],"collection":[{"href":"https:\/\/lahora.mx\/index.php\/wp-json\/wp\/v2\/posts"}],"about":[{"href":"https:\/\/lahora.mx\/index.php\/wp-json\/wp\/v2\/types\/post"}],"author":[{"embeddable":true,"href":"https:\/\/lahora.mx\/index.php\/wp-json\/wp\/v2\/users\/1"}],"replies":[{"embeddable":true,"href":"https:\/\/lahora.mx\/index.php\/wp-json\/wp\/v2\/comments?post=74356"}],"version-history":[{"count":1,"href":"https:\/\/lahora.mx\/index.php\/wp-json\/wp\/v2\/posts\/74356\/revisions"}],"predecessor-version":[{"id":74360,"href":"https:\/\/lahora.mx\/index.php\/wp-json\/wp\/v2\/posts\/74356\/revisions\/74360"}],"wp:featuredmedia":[{"embeddable":true,"href":"https:\/\/lahora.mx\/index.php\/wp-json\/wp\/v2\/media\/74359"}],"wp:attachment":[{"href":"https:\/\/lahora.mx\/index.php\/wp-json\/wp\/v2\/media?parent=74356"}],"wp:term":[{"taxonomy":"category","embeddable":true,"href":"https:\/\/lahora.mx\/index.php\/wp-json\/wp\/v2\/categories?post=74356"},{"taxonomy":"post_tag","embeddable":true,"href":"https:\/\/lahora.mx\/index.php\/wp-json\/wp\/v2\/tags?post=74356"}],"curies":[{"name":"wp","href":"https:\/\/api.w.org\/{rel}","templated":true}]}}