{"id":74354,"date":"2026-01-07T18:06:11","date_gmt":"2026-01-07T18:06:11","guid":{"rendered":"https:\/\/lahora.mx\/?p=74354"},"modified":"2026-01-07T18:06:12","modified_gmt":"2026-01-07T18:06:12","slug":"atropellan-a-adulto-mayor-en-zona-de-alta-afluencia-vehicular-de-atlixco","status":"publish","type":"post","link":"https:\/\/lahora.mx\/index.php\/2026\/01\/07\/atropellan-a-adulto-mayor-en-zona-de-alta-afluencia-vehicular-de-atlixco\/","title":{"rendered":"Atropellan a adulto mayor en zona de alta afluencia vehicular de Atlixco"},"content":{"rendered":"\n<p>En escasos d\u00edas de haber iniciado el a\u00f1o 2026 , los percances viales ya se hicieron presentes en esta mancha urbana. Este martes, un adulto mayor fue atropellado en los alrededores del puente de la Juventud , dentro del per\u00edmetro de la colonia Ricardo Flores Mag\u00f3n ya aproximadamente 10 minutos de la cabecera municipal .<\/p>\n\n\n\n<p>De acuerdo con los primeros reportes, el afectado intent\u00f3 cruzar una vialidad de alta afluencia vehicular cuando fue alcanzada por un autom\u00f3vil que circulaba por la zona. El impacto provoc\u00f3 que el hombre, de aproximadamente 70 a\u00f1os de edad , resultara con diversas lesiones .<br>Minutos despu\u00e9s del incidente, param\u00e9dicos arribaron al lugar para brindar atenci\u00f3n prehospitalaria al lesionado, quien se encontr\u00f3 consciente al momento de ser valorado. Posteriormente, familiares del adulto mayor acudieron a la escena para acompa\u00f1arlo.<\/p>\n\n\n\n<p>Debido a la naturaleza de las lesiones y con el objetivo de realizar una evaluaci\u00f3n m\u00e9dica m\u00e1s precisa, el afectado fue trasladado en ambulancia a un hospital cercano , donde se le practicar\u00e1n los estudios correspondientes para determinar su estado de salud .<\/p>\n\n\n\n<p>Las autoridades exhortaron a conductores y peatones a extremar precauciones , especialmente en zonas de alta circulaci\u00f3n , a fin de prevenir accidentes que pongan en riesgo la integridad de la poblaci\u00f3n , en particular de los adultos mayores .<\/p>\n\n\n\n<p>No te pierdas ninguna actualizaci\u00f3n importante. Explora nuestro portal para seguir informado sobre las \u00faltimas noticias en Puebla.<\/p>\n","protected":false},"excerpt":{"rendered":"<p>En escasos d\u00edas de haber iniciado el a\u00f1o 2026 , los percances viales ya se hicieron presentes en esta mancha urbana. Este martes, un adulto mayor fue atropellado en los alrededores del puente de la Juventud , dentro del per\u00edmetro de la colonia Ricardo Flores Mag\u00f3n ya aproximadamente 10 minutos de la cabecera municipal . [&hellip;]<\/p>\n","protected":false},"author":1,"featured_media":74357,"comment_status":"open","ping_status":"open","sticky":false,"template":"","format":"standard","meta":{"om_disable_all_campaigns":false,"_monsterinsights_skip_tracking":false,"_monsterinsights_sitenote_active":false,"_monsterinsights_sitenote_note":"","_monsterinsights_sitenote_category":0,"footnotes":""},"categories":[175],"tags":[223],"class_list":["post-74354","post","type-post","status-publish","format-standard","has-post-thumbnail","hentry","category-local","tag-puebla"],"amp_enabled":true,"_links":{"self":[{"href":"https:\/\/lahora.mx\/index.php\/wp-json\/wp\/v2\/posts\/74354","targetHints":{"allow":["GET"]}}],"collection":[{"href":"https:\/\/lahora.mx\/index.php\/wp-json\/wp\/v2\/posts"}],"about":[{"href":"https:\/\/lahora.mx\/index.php\/wp-json\/wp\/v2\/types\/post"}],"author":[{"embeddable":true,"href":"https:\/\/lahora.mx\/index.php\/wp-json\/wp\/v2\/users\/1"}],"replies":[{"embeddable":true,"href":"https:\/\/lahora.mx\/index.php\/wp-json\/wp\/v2\/comments?post=74354"}],"version-history":[{"count":1,"href":"https:\/\/lahora.mx\/index.php\/wp-json\/wp\/v2\/posts\/74354\/revisions"}],"predecessor-version":[{"id":74358,"href":"https:\/\/lahora.mx\/index.php\/wp-json\/wp\/v2\/posts\/74354\/revisions\/74358"}],"wp:featuredmedia":[{"embeddable":true,"href":"https:\/\/lahora.mx\/index.php\/wp-json\/wp\/v2\/media\/74357"}],"wp:attachment":[{"href":"https:\/\/lahora.mx\/index.php\/wp-json\/wp\/v2\/media?parent=74354"}],"wp:term":[{"taxonomy":"category","embeddable":true,"href":"https:\/\/lahora.mx\/index.php\/wp-json\/wp\/v2\/categories?post=74354"},{"taxonomy":"post_tag","embeddable":true,"href":"https:\/\/lahora.mx\/index.php\/wp-json\/wp\/v2\/tags?post=74354"}],"curies":[{"name":"wp","href":"https:\/\/api.w.org\/{rel}","templated":true}]}}