{"id":7434,"date":"2022-05-27T14:17:52","date_gmt":"2022-05-27T14:17:52","guid":{"rendered":"http:\/\/lahora.mx\/?p=7434"},"modified":"2022-05-27T14:18:23","modified_gmt":"2022-05-27T14:18:23","slug":"pega-en-gastos-y-seguridad-de-municipios-poblanos-retiro-de-la-ieps","status":"publish","type":"post","link":"https:\/\/lahora.mx\/index.php\/2022\/05\/27\/pega-en-gastos-y-seguridad-de-municipios-poblanos-retiro-de-la-ieps\/","title":{"rendered":"Pega\u00a0en gastos y seguridad de municipios poblanos retiro de la IEPS"},"content":{"rendered":"\n<p><strong>Afectaciones al gasto corriente, en apoyos a enfermos y en seguridad p\u00fablica<\/strong>&nbsp;dejar\u00e1 en los municipios la&nbsp;<strong>suspensi\u00f3n de los recursos que recib\u00edan de la federaci\u00f3n&nbsp;<\/strong>por concepto del&nbsp;<strong>Impuesto Especial sobre Producci\u00f3n y Servicios (IEPS),<\/strong>&nbsp;confirmaron presidentes municipales del interior del estado, luego de que&nbsp;<strong>Petr\u00f3leos Mexicano (Pemex) dejara de cobrar el gravamen como parte del Paquete Contra la Inflaci\u00f3n y la Carest\u00eda<\/strong>&nbsp;(PACIC) lanzado por el presidente Andr\u00e9s Manuel L\u00f3pez Obrador.<\/p>\n\n\n\n<p>Aunque la Secretar\u00eda de Planeaci\u00f3n y Finanzas del gobierno del estado gir\u00f3 un comunicado a los municipios para informales que el&nbsp;<strong>gobierno federal declar\u00f3 \u201ccero\u201d pesos en su relaci\u00f3n de participaciones estatales<\/strong>&nbsp;durante abril de 2022,<strong>&nbsp;alcaldes de la Mixteca y la Sierra Norte refirieron en su mayor\u00eda no tener conocimiento&nbsp;<\/strong>del recorte al presupuesto, sin embargo,&nbsp;<strong>advirtieron un golpe directo en los servicios<\/strong>&nbsp;y apoyos a la ciudadan\u00eda.<\/p>\n\n\n\n<p>PUBLICIDAD<\/p>\n\n\n\n<p>Al respecto, la presidenta municipal de Xicotepec, Laura Guadalupe Vargas, dijo que<em>&nbsp;la medida \u201cimpacta de manera negativa las participaciones que recibe el ayuntamiento, que con este fondo se atiende gasto corriente y, particularmente, con ese recurso cubr\u00edamos el pago de combustible de los veh\u00edculos del gobierno municipal, el gasto mayor en este rubro se aplica en Seguridad P\u00fablica\u201d.<\/em><\/p>\n\n\n\n<p>El dicho de la alcaldesa lo perfil\u00f3 en el tema de la Seguridad P\u00fablica, pues&nbsp;<strong>enfatiz\u00f3 que se afectar\u00e1 el gasto de combustible para la operaci\u00f3n de las patrullas,<\/strong>&nbsp;sin embargo, adelant\u00f3 que en lo que se mantenga la disposici\u00f3n gubernamental federal, el Ayuntamiento de&nbsp;<strong>Xicotepec subsanar\u00e1 el gasto con los ingresos propios.<\/strong><\/p>\n\n\n\n<p><strong>\u201cPoni\u00e9ndolo en perspectiva son tres meses de combustible para el \u00e1rea de seguridad que tendremos que subsanar con ingresos propios\u201d,<\/strong>&nbsp;precis\u00f3.<\/p>\n\n\n\n<p>Sobre el mismo tema,&nbsp;<strong>Eduardo Romero, alcalde de Pahuatl\u00e1n, calific\u00f3 como positiva la medida&nbsp;<\/strong>del presidente de la Rep\u00fablica&nbsp;<strong>para aminorar la inflaci\u00f3n en el pa\u00eds<\/strong>, pero al mismo tiempo&nbsp;<strong>lament\u00f3 que el recorte afecte la posibilidad de solventar gastos del ayuntamiento<\/strong>&nbsp;con la partida presupuestal del IEPS.<\/p>\n\n\n\n<p>A\u00f1adi\u00f3 que la comuna se tendr\u00e1 que privar de esos beneficios que se obten\u00edan de los recursos econ\u00f3micos y al igual se afectar\u00e1n algunos programas municipales, aunque no especific\u00f3 el nombre de los programas y tampoco a quienes van dirigidos.<\/p>\n\n\n\n<h2 class=\"wp-block-heading\"><strong>SIN MEDICINAS PARA ENFERMOS<\/strong><\/h2>\n\n\n\n<p>El<strong>&nbsp;alcalde de Atexcal, Juan Luna,<\/strong>&nbsp;indic\u00f3 que desconoc\u00eda del tema pero que, si de por s\u00ed recibe poco recurso, el cual tiene que aplicarlo para diez localidades, ser\u00eda m\u00e1s complicado.<\/p>\n\n\n\n<p><strong>\u201cSin duda en apoyo social\u201d, suelta de inmediato<\/strong>&nbsp;y explica que&nbsp;<em>\u201ctal vez se dejar\u00eda de dar ese apoyo a la gente que recurre para comprar un medicamento; son los enfermos que constantemente acuden a solicitar recursos econ\u00f3micos para atenderse\u201d.<\/em><\/p>\n\n\n\n<p>Por su parte, el&nbsp;<strong>edil de Huitziltepec, Jorge Flores,&nbsp;<\/strong>aunque manifest\u00f3 no conocer sobre el tema, declar\u00f3 que&nbsp;<strong>si les recortan el presupuesto tendr\u00edan que valorar en qu\u00e9 \u00e1rea el ayuntamiento har\u00eda esos recortes<\/strong>&nbsp;y en otras ver la manera de solventarlo.<\/p>\n\n\n\n<p>En tanto, el<strong>&nbsp;presidente de Huatlatlauca, Javier V\u00e1zquez,<\/strong>&nbsp;fue el \u00fanico que&nbsp;<strong>acept\u00f3 que su contador lo puso al tanto de esta situaci\u00f3n,<\/strong>&nbsp;no obstante, dijo que por la falta de tiempo no han revisado cuanto ser\u00eda el recorte para valorar donde ajustar los gastos.<\/p>\n\n\n\n<p>El&nbsp;<strong>IEPS se obtiene de la venta de los combustibles de Gasolina y Di\u00e9sel,&nbsp;<\/strong>por lo que, en este a\u00f1o el&nbsp;<strong>gobierno federal, tom\u00f3 la decisi\u00f3n de subsidiar&nbsp;<\/strong>para que los&nbsp;<strong>contribuyentes no lo paguen<\/strong>&nbsp;y con ello aminorar la inflaci\u00f3n.<\/p>\n\n\n\n<p>La suspensi\u00f3n, sin embargo, representa una disminuci\u00f3n para los presupuestos que ya ten\u00edan programados&nbsp;<strong>los municipios como es el caso de Huejotzingo,&nbsp;<\/strong>en cuya&nbsp;<strong>Ley de Ingresos 2022 contempl\u00f3 5 millones 452 pesos 700 pesos, as\u00ed como San Mart\u00edn Texmelucan que presupuest\u00f3 3 millones 932 mil 365 pesos.<\/strong><\/p>\n\n\n\n<p>Otros municipios de menor poblaci\u00f3n como San Salvador El Verde, tambi\u00e9n lo ten\u00eda proyectado como un ingreso de<em>&nbsp;757 mil 439 pesos; San Lorenzo Chiautzingo con 767 mil 439 pesos y Santa Rita Tlahuapan por 565 mil 58 pesos.<\/em><\/p>\n\n\n\n<p>Incluso municipios peque\u00f1os como San Felipe Teotlalcingo y San Mat\u00edas Tlalancaleca, contemplaban este recurso como un ingreso fuerte para sus actividades, en este caso por 535 mil 118 y 530 mil 948.93 pesos, respectivamente.<\/p>\n\n\n\n<p><em>*Con informaci\u00f3n de Carmen Flores y Pedro Alonso<\/em><\/p>\n","protected":false},"excerpt":{"rendered":"<p>Afectaciones al gasto corriente, en apoyos a enfermos y en seguridad p\u00fablica&nbsp;dejar\u00e1 en los municipios la&nbsp;suspensi\u00f3n de los recursos que recib\u00edan de la federaci\u00f3n&nbsp;por concepto del&nbsp;Impuesto Especial sobre Producci\u00f3n y Servicios (IEPS),&nbsp;confirmaron presidentes municipales del interior del estado, luego de que&nbsp;Petr\u00f3leos Mexicano (Pemex) dejara de cobrar el gravamen como parte del Paquete Contra la Inflaci\u00f3n [&hellip;]<\/p>\n","protected":false},"author":4,"featured_media":7435,"comment_status":"open","ping_status":"open","sticky":false,"template":"","format":"standard","meta":{"om_disable_all_campaigns":false,"_monsterinsights_skip_tracking":false,"_monsterinsights_sitenote_active":false,"_monsterinsights_sitenote_note":"","_monsterinsights_sitenote_category":0,"footnotes":""},"categories":[175],"tags":[],"class_list":["post-7434","post","type-post","status-publish","format-standard","has-post-thumbnail","hentry","category-local"],"amp_enabled":true,"_links":{"self":[{"href":"https:\/\/lahora.mx\/index.php\/wp-json\/wp\/v2\/posts\/7434","targetHints":{"allow":["GET"]}}],"collection":[{"href":"https:\/\/lahora.mx\/index.php\/wp-json\/wp\/v2\/posts"}],"about":[{"href":"https:\/\/lahora.mx\/index.php\/wp-json\/wp\/v2\/types\/post"}],"author":[{"embeddable":true,"href":"https:\/\/lahora.mx\/index.php\/wp-json\/wp\/v2\/users\/4"}],"replies":[{"embeddable":true,"href":"https:\/\/lahora.mx\/index.php\/wp-json\/wp\/v2\/comments?post=7434"}],"version-history":[{"count":2,"href":"https:\/\/lahora.mx\/index.php\/wp-json\/wp\/v2\/posts\/7434\/revisions"}],"predecessor-version":[{"id":7437,"href":"https:\/\/lahora.mx\/index.php\/wp-json\/wp\/v2\/posts\/7434\/revisions\/7437"}],"wp:featuredmedia":[{"embeddable":true,"href":"https:\/\/lahora.mx\/index.php\/wp-json\/wp\/v2\/media\/7435"}],"wp:attachment":[{"href":"https:\/\/lahora.mx\/index.php\/wp-json\/wp\/v2\/media?parent=7434"}],"wp:term":[{"taxonomy":"category","embeddable":true,"href":"https:\/\/lahora.mx\/index.php\/wp-json\/wp\/v2\/categories?post=7434"},{"taxonomy":"post_tag","embeddable":true,"href":"https:\/\/lahora.mx\/index.php\/wp-json\/wp\/v2\/tags?post=7434"}],"curies":[{"name":"wp","href":"https:\/\/api.w.org\/{rel}","templated":true}]}}