{"id":7430,"date":"2022-05-27T13:52:53","date_gmt":"2022-05-27T13:52:53","guid":{"rendered":"http:\/\/lahora.mx\/?p=7430"},"modified":"2022-05-27T13:59:57","modified_gmt":"2022-05-27T13:59:57","slug":"morena-presentan-reforma-para-revocacion-de-mandato-del-gobernador","status":"publish","type":"post","link":"https:\/\/lahora.mx\/index.php\/2022\/05\/27\/morena-presentan-reforma-para-revocacion-de-mandato-del-gobernador\/","title":{"rendered":"Morena presentan reforma para revocaci\u00f3n de mandato del gobernador"},"content":{"rendered":"\n<p>Los diputados de Morena,<strong>&nbsp;Iv\u00e1n Herrera Villag\u00f3mez, Daniela Mier Ba\u00f1uelos, Carlos Evangelista Aniceto y Eliana Ang\u00e9lica Cervantes Gonz\u00e1lez<\/strong>, presentaron una&nbsp;<strong>reforma constitucional&nbsp;<\/strong>con la que pretenden realizar la renovaci\u00f3n de mandato&nbsp;<strong>en el estado de Puebla<\/strong>, para conocer si la gente est\u00e1 a favor de que el<strong>&nbsp;gobernador de la entidad contin\u00fae en el cargo o no.<\/strong><\/p>\n\n\n\n<p>Para ello, busca reforma el&nbsp;<strong>primer p\u00e1rrafo y la fracci\u00f3n I del art\u00edculo 20,<\/strong>&nbsp;el&nbsp;<strong>t\u00edtulo d\u00e9cimo primero&nbsp;<\/strong>para denominarse \u201c<strong>Revocaci\u00f3n de Mandato<\/strong>\u201d y el&nbsp;<strong>art\u00edculo 143<\/strong>, de la Constituci\u00f3n Pol\u00edtica de Puebla.<\/p>\n\n\n\n<p>De acuerdo con el discurso de<strong>&nbsp;Iv\u00e1n Herrera Villag\u00f3mez,<\/strong>&nbsp;quien subi\u00f3 al Pleno en representaci\u00f3n de sus compa\u00f1eros de partido pol\u00edtico, la revocaci\u00f3n de mandato del pasado<strong>&nbsp;10 de abril&nbsp;<\/strong>de este a\u00f1o, fue un&nbsp;<strong>ejercicio hist\u00f3rico<\/strong>&nbsp;y una solicitud de los ciudadanos en la que pudieron determinar el desempe\u00f1o laboral del presidente de M\u00e9xico,&nbsp;<strong>Andr\u00e9s Manuel L\u00f3pez Obrador<\/strong>, para conocer si deb\u00eda continuar en el puesto.<\/p>\n\n\n\n<p>\u201cLa revocaci\u00f3n de mandato es el instrumento de participaci\u00f3n solicitado por la ciudadan\u00eda para determinar la conclusi\u00f3n anticipada en el desempe\u00f1o de la persona titular de M\u00e9xico, a partir de la p\u00e9rdida de la confianza\u201d, expres\u00f3.<\/p>\n\n\n\n<p>Incluso, ejemplific\u00f3 que en&nbsp;<strong>Ciudad de M\u00e9xico, Baja California, Morelos y Sinaloa<\/strong>, ya cuentan con la<strong>&nbsp;figura de revocaci\u00f3n de mandato.<\/strong><\/p>\n\n\n\n<p>Ante este panorama, el legislador de Morena consider\u00f3 que&nbsp;<strong>Puebla ya est\u00e1 preparada para este tipo de ejercicio&nbsp;<\/strong>electoral.<\/p>\n\n\n\n<p>De acuerdo con la propuesta, la revocaci\u00f3n de mandato ser\u00e1 procedente cuando<strong>&nbsp;lo demande al menos el 10 por ciento de las personas&nbsp;<\/strong>que est\u00e9n inscritas en la lista nominal de electores.<\/p>\n\n\n\n<p>Aunado a esto, se deber\u00eda hacer&nbsp;<strong>tres meses despu\u00e9s de que la autoridad estatal cumpla tres a\u00f1os de su per\u00edodo<\/strong>&nbsp;constitucional y para ser v\u00e1lida requerir\u00eda tener una<strong>&nbsp;participaci\u00f3n m\u00ednima del 40 por ciento<\/strong>&nbsp;del padr\u00f3n electoral.<\/p>\n\n\n\n<p>Asimismo, la consulta<strong>&nbsp;no podr\u00eda hacerse en una fecha posterior a procesos electorales<\/strong>&nbsp;o de participaci\u00f3n ciudadana, tanto federal como estatal.<\/p>\n\n\n\n<p>Dicha iniciativa, fue turnada a la&nbsp;<strong>Comisi\u00f3n de Gobernaci\u00f3n y Puntos Constitucionales del Congreso del Estado&nbsp;<\/strong>para su an\u00e1lisis y posible aprobaci\u00f3n.<\/p>\n","protected":false},"excerpt":{"rendered":"<p>Los diputados de Morena,&nbsp;Iv\u00e1n Herrera Villag\u00f3mez, Daniela Mier Ba\u00f1uelos, Carlos Evangelista Aniceto y Eliana Ang\u00e9lica Cervantes Gonz\u00e1lez, presentaron una&nbsp;reforma constitucional&nbsp;con la que pretenden realizar la renovaci\u00f3n de mandato&nbsp;en el estado de Puebla, para conocer si la gente est\u00e1 a favor de que el&nbsp;gobernador de la entidad contin\u00fae en el cargo o no. Para ello, busca [&hellip;]<\/p>\n","protected":false},"author":4,"featured_media":7431,"comment_status":"open","ping_status":"open","sticky":false,"template":"","format":"standard","meta":{"om_disable_all_campaigns":false,"_monsterinsights_skip_tracking":false,"_monsterinsights_sitenote_active":false,"_monsterinsights_sitenote_note":"","_monsterinsights_sitenote_category":0,"footnotes":""},"categories":[175],"tags":[223],"class_list":["post-7430","post","type-post","status-publish","format-standard","has-post-thumbnail","hentry","category-local","tag-puebla"],"amp_enabled":true,"_links":{"self":[{"href":"https:\/\/lahora.mx\/index.php\/wp-json\/wp\/v2\/posts\/7430","targetHints":{"allow":["GET"]}}],"collection":[{"href":"https:\/\/lahora.mx\/index.php\/wp-json\/wp\/v2\/posts"}],"about":[{"href":"https:\/\/lahora.mx\/index.php\/wp-json\/wp\/v2\/types\/post"}],"author":[{"embeddable":true,"href":"https:\/\/lahora.mx\/index.php\/wp-json\/wp\/v2\/users\/4"}],"replies":[{"embeddable":true,"href":"https:\/\/lahora.mx\/index.php\/wp-json\/wp\/v2\/comments?post=7430"}],"version-history":[{"count":2,"href":"https:\/\/lahora.mx\/index.php\/wp-json\/wp\/v2\/posts\/7430\/revisions"}],"predecessor-version":[{"id":7433,"href":"https:\/\/lahora.mx\/index.php\/wp-json\/wp\/v2\/posts\/7430\/revisions\/7433"}],"wp:featuredmedia":[{"embeddable":true,"href":"https:\/\/lahora.mx\/index.php\/wp-json\/wp\/v2\/media\/7431"}],"wp:attachment":[{"href":"https:\/\/lahora.mx\/index.php\/wp-json\/wp\/v2\/media?parent=7430"}],"wp:term":[{"taxonomy":"category","embeddable":true,"href":"https:\/\/lahora.mx\/index.php\/wp-json\/wp\/v2\/categories?post=7430"},{"taxonomy":"post_tag","embeddable":true,"href":"https:\/\/lahora.mx\/index.php\/wp-json\/wp\/v2\/tags?post=7430"}],"curies":[{"name":"wp","href":"https:\/\/api.w.org\/{rel}","templated":true}]}}