{"id":74225,"date":"2025-12-08T02:31:39","date_gmt":"2025-12-08T02:31:39","guid":{"rendered":"https:\/\/lahora.mx\/?p=74225"},"modified":"2026-01-06T02:32:44","modified_gmt":"2026-01-06T02:32:44","slug":"mama-prende-la-grabadora-transmitira-buap-sus-graduaciones-por-television-y-redes","status":"publish","type":"post","link":"https:\/\/lahora.mx\/index.php\/2025\/12\/08\/mama-prende-la-grabadora-transmitira-buap-sus-graduaciones-por-television-y-redes\/","title":{"rendered":"\u00a1Mam\u00e1 prende la grabadora! Transmitir\u00e1 BUAP sus graduaciones por televisi\u00f3n y redes"},"content":{"rendered":"\n<p>La Benem\u00e9rita Universidad Aut\u00f3noma de Puebla (BUAP) anunci\u00f3 que las graduaciones de diferentes facultades ser\u00e1n transmitidas por televisi\u00f3n, al igual que a trav\u00e9s de sus plataformas digitales desde el lunes 8 hasta el jueves 18 de diciembre.<\/p>\n\n\n\n<p>La M\u00e1xima Casa de Estudios difundi\u00f3 los horarios en los que ser\u00e1 posible ver estos actos protocolarios, en donde las y los egresados de varias carreras se despedir\u00e1n de manera oficial de la instituci\u00f3n acad\u00e9mica.<\/p>\n\n\n\n<p>Asimismo, para poder ingresar a estas transmisiones no es necesario pagar, pues de esta manera es como los familiares, amigos y dem\u00e1s conocidos de los graduados podr\u00e1n ver el momento en el que culminan esta etapa.<\/p>\n\n\n\n<p><br>BUAP presenta convocatoria para reinscripci\u00f3n Primavera 2026 de la Facultad de Artes<br>El inicio de cursos para este periodo de la Facultad est\u00e1 programado para el 22 de enero de 2026<br>\u00bfCu\u00e1les son los horarios?<br>Facultad de Ciencias Biol\u00f3gicas &#8211; 8 de diciembre 2025 &#8211; 10:00 horas<\/p>\n\n\n\n<p>Facultad de Ingenier\u00eda Qu\u00edmica &#8211; 8 de diciembre 2025 &#8211; 18:00 horas<\/p>\n\n\n\n<p>Facultad de Medicina &#8211; 9 de diciembre 2025 &#8211; 10:00 horas<\/p>\n\n\n\n<p>Facultad de Psicolog\u00eda &#8211; 9 de diciembre 2025 &#8211; 18:00 horas<\/p>\n\n\n\n<p>Facultad de Ciencias Pol\u00edticas y Ciencias Sociales Licenciatura en Relaciones Internacionales &#8211; 10 de diciembre 2025 &#8211; 10:00 horas<\/p>\n\n\n\n<p>Facultad de Derecho &#8211; 10 de diciembre 2025 &#8211; 17:00 horas<\/p>\n\n\n\n<p>Facultad de Ciencias Qu\u00edmicas Lic. QFB y FARM &#8211; 12 de diciembre 2025 &#8211; 10:00 horas<\/p>\n\n\n\n<p>Facultad de Ciencias Electr\u00f3nicas &#8211; 12 de diciembre 2025 &#8211; 18:00 horas<\/p>\n\n\n\n<p>Facultad de Ciencias de la Computaci\u00f3n &#8211; 16 de diciembre 2025 &#8211; 10:00 horas<\/p>\n\n\n\n<p>Facultad de Derecho BUAP &#8211; 16 de diciembre 2025 &#8211; 17:00 horas<\/p>\n\n\n\n<p>Facultad de Econom\u00eda &#8211; 18 de diciembre 2025 &#8211; 10:00 horas<\/p>\n\n\n\n<p>Facultad de Medicina Veterinaria y Zootecnia &#8211; 18 de diciembre 2025 &#8211; 18:00 horas<\/p>\n","protected":false},"excerpt":{"rendered":"<p>La Benem\u00e9rita Universidad Aut\u00f3noma de Puebla (BUAP) anunci\u00f3 que las graduaciones de diferentes facultades ser\u00e1n transmitidas por televisi\u00f3n, al igual que a trav\u00e9s de sus plataformas digitales desde el lunes 8 hasta el jueves 18 de diciembre. La M\u00e1xima Casa de Estudios difundi\u00f3 los horarios en los que ser\u00e1 posible ver estos actos protocolarios, en [&hellip;]<\/p>\n","protected":false},"author":1,"featured_media":74226,"comment_status":"open","ping_status":"open","sticky":false,"template":"","format":"standard","meta":{"om_disable_all_campaigns":false,"_monsterinsights_skip_tracking":false,"_monsterinsights_sitenote_active":false,"_monsterinsights_sitenote_note":"","_monsterinsights_sitenote_category":0,"footnotes":""},"categories":[175],"tags":[186],"class_list":["post-74225","post","type-post","status-publish","format-standard","has-post-thumbnail","hentry","category-local","tag-buap"],"amp_enabled":true,"_links":{"self":[{"href":"https:\/\/lahora.mx\/index.php\/wp-json\/wp\/v2\/posts\/74225","targetHints":{"allow":["GET"]}}],"collection":[{"href":"https:\/\/lahora.mx\/index.php\/wp-json\/wp\/v2\/posts"}],"about":[{"href":"https:\/\/lahora.mx\/index.php\/wp-json\/wp\/v2\/types\/post"}],"author":[{"embeddable":true,"href":"https:\/\/lahora.mx\/index.php\/wp-json\/wp\/v2\/users\/1"}],"replies":[{"embeddable":true,"href":"https:\/\/lahora.mx\/index.php\/wp-json\/wp\/v2\/comments?post=74225"}],"version-history":[{"count":1,"href":"https:\/\/lahora.mx\/index.php\/wp-json\/wp\/v2\/posts\/74225\/revisions"}],"predecessor-version":[{"id":74227,"href":"https:\/\/lahora.mx\/index.php\/wp-json\/wp\/v2\/posts\/74225\/revisions\/74227"}],"wp:featuredmedia":[{"embeddable":true,"href":"https:\/\/lahora.mx\/index.php\/wp-json\/wp\/v2\/media\/74226"}],"wp:attachment":[{"href":"https:\/\/lahora.mx\/index.php\/wp-json\/wp\/v2\/media?parent=74225"}],"wp:term":[{"taxonomy":"category","embeddable":true,"href":"https:\/\/lahora.mx\/index.php\/wp-json\/wp\/v2\/categories?post=74225"},{"taxonomy":"post_tag","embeddable":true,"href":"https:\/\/lahora.mx\/index.php\/wp-json\/wp\/v2\/tags?post=74225"}],"curies":[{"name":"wp","href":"https:\/\/api.w.org\/{rel}","templated":true}]}}