{"id":74205,"date":"2025-12-09T02:08:49","date_gmt":"2025-12-09T02:08:49","guid":{"rendered":"https:\/\/lahora.mx\/?p=74205"},"modified":"2026-01-06T02:12:52","modified_gmt":"2026-01-06T02:12:52","slug":"alumnos-de-danza-buap-cierran-cumulo-de-virgo-denuncian-faltas-de-la-nueva-coordinacion","status":"publish","type":"post","link":"https:\/\/lahora.mx\/index.php\/2025\/12\/09\/alumnos-de-danza-buap-cierran-cumulo-de-virgo-denuncian-faltas-de-la-nueva-coordinacion\/","title":{"rendered":"Alumnos de Danza BUAP cierran C\u00famulo de Virgo; denuncian faltas de la nueva coordinaci\u00f3n"},"content":{"rendered":"\n<p>Estudiantes de la licenciatura de Danza de la Escuela de Artes de la Benem\u00e9rita Universidad Aut\u00f3noma del Estado de Puebla (BUAP) cerraron esta tarde la avenida C\u00famulo de Virgo para acusar faltas administrativas por parte de la nueva coordinaci\u00f3n general. La vialidad estuvo cerrada cerca de 40 minutos, durante los cuales la circulaci\u00f3n vehicular se volvi\u00f3 un caos en la zona.<\/p>\n\n\n\n<p>\u27a1\ufe0f \u00danete al canal de El Sol de Puebla en WhatsApp para no perderte la informaci\u00f3n m\u00e1s importante<\/p>\n\n\n\n<p>Al grito de: \u00a1Ni abuso ni opresi\u00f3n!, \u00a1Queremos formaci\u00f3n!, y consignas como \u201cEl arte no se controla, se respeta\u201d y \u201cRector\u00eda escucha, la comunidad lucha\u201d, las y los estudiantes solicitaron el reemplazo de la consejera universitaria Ana Luc\u00eda Pi\u00f1\u00e1n, coordinadora educativa, a quien acusan de acoso escolar y abuso de poder.<br>Los quejosos fueron convocados a trav\u00e9s de un chat de mensajer\u00eda instant\u00e1nea de estudiantes en el que pidieron la colaboraci\u00f3n del estudiantado y enfatizaron que:<\/p>\n\n\n\n<p>El colegio de Danza est\u00e1 teniendo demasiados problemas con la nueva coordinaci\u00f3n. Obligaron a un profesor a firmar su renuncia<br>Seg\u00fan los estudiantes, la coordinadora tom\u00f3 el cargo en febrero, justo antes de estallar el paro estudiantil. Desde entonces mostr\u00f3 hostigamiento y rivalidad personal en contra del docente de danza cl\u00e1sica que fue despedido injustificadamente.<\/p>\n\n\n\n<p>De igual forma, los manifestantes aseguraron que, adem\u00e1s de prepotencia, se observa una marcada renuencia en Pi\u00f1\u00e1n en facilitar \u00e1reas para que los estudiantes realicen sus pr\u00e1cticas de danza contempor\u00e1nea.<\/p>\n\n\n\n<p>La protesta de los estudiantes de la licenciatura en Danza de la Escuela de Artes de la BUAP comenz\u00f3 este lunes 8 de diciembre cuando compa\u00f1eros se manifestaron en las instalaciones de Ciudad Universitaria, espec\u00edficamente frente a la Torre de Rector\u00eda.<\/p>\n\n\n\n<p>Seg\u00fan lo dicho por los quejosos, se mantuvieron en la explanada cerca de tres horas para esperar que la rectora Lilia Cedillo saliera a dialogar con ellos, pero no ocurri\u00f3 as\u00ed. Por este motivo, solicitan la intervenci\u00f3n inmediata de Cedillo como m\u00e1xima autoridad de la BUAP para dar soluci\u00f3n a la problem\u00e1tica que enfrentan y que aseguran es insostenible.<\/p>\n\n\n\n<p>BUAP logra acuerdos con estudiantes inconformes<br>De manera extraoficial se conoci\u00f3 que autoridades de la universidad y alumnos de la licenciatura en Danza iniciaron mesas de trabajo, a fin de analizar las inconformidades.<\/p>\n\n\n\n<p>Tras el di\u00e1logo, se lleg\u00f3 a los acuerdos que ambas partes tendr\u00e1n que cumplir, aunque no fueron detallados.<\/p>\n\n\n\n<p>En las mesas de trabajo participaron representantes de la Secretar\u00eda General, la oficina de la Abogada General, la Defensor\u00eda de los Derechos Universitarios, y la Coordinaci\u00f3n General de Participaci\u00f3n y Desarrollo Estudiantil.<\/p>\n","protected":false},"excerpt":{"rendered":"<p>Estudiantes de la licenciatura de Danza de la Escuela de Artes de la Benem\u00e9rita Universidad Aut\u00f3noma del Estado de Puebla (BUAP) cerraron esta tarde la avenida C\u00famulo de Virgo para acusar faltas administrativas por parte de la nueva coordinaci\u00f3n general. La vialidad estuvo cerrada cerca de 40 minutos, durante los cuales la circulaci\u00f3n vehicular se [&hellip;]<\/p>\n","protected":false},"author":1,"featured_media":74206,"comment_status":"open","ping_status":"open","sticky":false,"template":"","format":"standard","meta":{"om_disable_all_campaigns":false,"_monsterinsights_skip_tracking":false,"_monsterinsights_sitenote_active":false,"_monsterinsights_sitenote_note":"","_monsterinsights_sitenote_category":0,"footnotes":""},"categories":[175],"tags":[186,223],"class_list":["post-74205","post","type-post","status-publish","format-standard","has-post-thumbnail","hentry","category-local","tag-buap","tag-puebla"],"amp_enabled":true,"_links":{"self":[{"href":"https:\/\/lahora.mx\/index.php\/wp-json\/wp\/v2\/posts\/74205","targetHints":{"allow":["GET"]}}],"collection":[{"href":"https:\/\/lahora.mx\/index.php\/wp-json\/wp\/v2\/posts"}],"about":[{"href":"https:\/\/lahora.mx\/index.php\/wp-json\/wp\/v2\/types\/post"}],"author":[{"embeddable":true,"href":"https:\/\/lahora.mx\/index.php\/wp-json\/wp\/v2\/users\/1"}],"replies":[{"embeddable":true,"href":"https:\/\/lahora.mx\/index.php\/wp-json\/wp\/v2\/comments?post=74205"}],"version-history":[{"count":1,"href":"https:\/\/lahora.mx\/index.php\/wp-json\/wp\/v2\/posts\/74205\/revisions"}],"predecessor-version":[{"id":74207,"href":"https:\/\/lahora.mx\/index.php\/wp-json\/wp\/v2\/posts\/74205\/revisions\/74207"}],"wp:featuredmedia":[{"embeddable":true,"href":"https:\/\/lahora.mx\/index.php\/wp-json\/wp\/v2\/media\/74206"}],"wp:attachment":[{"href":"https:\/\/lahora.mx\/index.php\/wp-json\/wp\/v2\/media?parent=74205"}],"wp:term":[{"taxonomy":"category","embeddable":true,"href":"https:\/\/lahora.mx\/index.php\/wp-json\/wp\/v2\/categories?post=74205"},{"taxonomy":"post_tag","embeddable":true,"href":"https:\/\/lahora.mx\/index.php\/wp-json\/wp\/v2\/tags?post=74205"}],"curies":[{"name":"wp","href":"https:\/\/api.w.org\/{rel}","templated":true}]}}