{"id":74200,"date":"2025-12-07T02:07:12","date_gmt":"2025-12-07T02:07:12","guid":{"rendered":"https:\/\/lahora.mx\/?p=74200"},"modified":"2026-01-06T02:08:22","modified_gmt":"2026-01-06T02:08:22","slug":"buap-confirma-fallecimiento-de-estudiante-miguel-lopez-comunidad-escolar-esta-de-luto","status":"publish","type":"post","link":"https:\/\/lahora.mx\/index.php\/2025\/12\/07\/buap-confirma-fallecimiento-de-estudiante-miguel-lopez-comunidad-escolar-esta-de-luto\/","title":{"rendered":"BUAP confirma fallecimiento de estudiante Miguel L\u00f3pez; comunidad escolar est\u00e1 de luto"},"content":{"rendered":"\n<p>El Complejo Regional Centro de la Benem\u00e9rita Universidad Aut\u00f3noma de Puebla (BUAP) confirm\u00f3 el fallecimiento del estudiante Miguel L\u00f3pez Prado, un hecho que ha generado consternaci\u00f3n entre alumnos, docentes y personal administrativo.<\/p>\n\n\n\n<p>La noticia fue dada a conocer este viernes 5 de diciembre a trav\u00e9s de un mensaje que compartieron los representantes de la instituci\u00f3n por medio de su cuenta oficial de Facebook, en donde expresaron su solidaridad con la familia del joven.<\/p>\n\n\n\n<p>\u201cEl Complejo Regional Centro y la Preparatoria Sede Amozoc expresamos nuestro m\u00e1s sincero pesar por el sensible fallecimiento de nuestro alumno Miguel L\u00f3pez Prado. Nos unimos a la profunda pena que embarga a su familia, compa\u00f1eros y comunidad educativa\u201d, se resalt\u00f3.<\/p>\n\n\n\n<p><br><br>Alexandra Abiga\u00edl, alumna de 18 a\u00f1os del Complejo Regional Centro, perdi\u00f3 la vida tras caer al r\u00edo en la reserva de Pancho Poza, Altotonga<br>En este sentido, Miguel era alumno de la Preparatoria Sede Amozoc, donde era conocido por su compa\u00f1erismo, as\u00ed fue como lo se\u00f1alaron distintos usuarios en los comentarios de la publicaci\u00f3n que se emiti\u00f3 sobre su deceso.<\/p>\n\n\n\n<p>Su muerte ha impactado a gran parte de la comunidad educativa, que se ha unido para mandar mensajes de apoyo a los seres queridos del alumno por medio de la esquela que difundi\u00f3 la escuela.<\/p>\n\n\n\n<p>De acuerdo con versiones que circulan entre estudiantes y en las redes sociales, el joven habr\u00eda sufrido un fuerte accidente en motocicleta la semana pasada, pues se resalt\u00f3 que viajaba como copiloto cuando ocurri\u00f3 el percance.<br>Luto Atlixco: fallece el creador del Museo del Bons\u00e1i y referente cultural del municipio<br>Emigdio Trujillo S\u00e1nchez dedic\u00f3 m\u00e1s de 50 a\u00f1os de su vida a la pr\u00e1ctica de la creaci\u00f3n del bons\u00e1i<br>Asimismo, dentro de estas mismas versiones, se ha dicho que Miguel estuvo dos d\u00edas luchando por su vida tras el incidente, por lo que durante ese tiempo, compa\u00f1eros y amigos se mantuvieron atentos a su estado de salud.<\/p>\n\n\n\n<p>Sin embargo, hasta el momento, el motivo del deceso no ha sido confirmado oficialmente por la instituci\u00f3n o por alguien cercano al joven; aun as\u00ed, el anuncio de su fallecimiento gener\u00f3 m\u00faltiples muestras de apoyo y comentarios de despedida.<\/p>\n","protected":false},"excerpt":{"rendered":"<p>El Complejo Regional Centro de la Benem\u00e9rita Universidad Aut\u00f3noma de Puebla (BUAP) confirm\u00f3 el fallecimiento del estudiante Miguel L\u00f3pez Prado, un hecho que ha generado consternaci\u00f3n entre alumnos, docentes y personal administrativo. La noticia fue dada a conocer este viernes 5 de diciembre a trav\u00e9s de un mensaje que compartieron los representantes de la instituci\u00f3n [&hellip;]<\/p>\n","protected":false},"author":1,"featured_media":74201,"comment_status":"open","ping_status":"open","sticky":false,"template":"","format":"standard","meta":{"om_disable_all_campaigns":false,"_monsterinsights_skip_tracking":false,"_monsterinsights_sitenote_active":false,"_monsterinsights_sitenote_note":"","_monsterinsights_sitenote_category":0,"footnotes":""},"categories":[175],"tags":[186],"class_list":["post-74200","post","type-post","status-publish","format-standard","has-post-thumbnail","hentry","category-local","tag-buap"],"amp_enabled":true,"_links":{"self":[{"href":"https:\/\/lahora.mx\/index.php\/wp-json\/wp\/v2\/posts\/74200","targetHints":{"allow":["GET"]}}],"collection":[{"href":"https:\/\/lahora.mx\/index.php\/wp-json\/wp\/v2\/posts"}],"about":[{"href":"https:\/\/lahora.mx\/index.php\/wp-json\/wp\/v2\/types\/post"}],"author":[{"embeddable":true,"href":"https:\/\/lahora.mx\/index.php\/wp-json\/wp\/v2\/users\/1"}],"replies":[{"embeddable":true,"href":"https:\/\/lahora.mx\/index.php\/wp-json\/wp\/v2\/comments?post=74200"}],"version-history":[{"count":1,"href":"https:\/\/lahora.mx\/index.php\/wp-json\/wp\/v2\/posts\/74200\/revisions"}],"predecessor-version":[{"id":74202,"href":"https:\/\/lahora.mx\/index.php\/wp-json\/wp\/v2\/posts\/74200\/revisions\/74202"}],"wp:featuredmedia":[{"embeddable":true,"href":"https:\/\/lahora.mx\/index.php\/wp-json\/wp\/v2\/media\/74201"}],"wp:attachment":[{"href":"https:\/\/lahora.mx\/index.php\/wp-json\/wp\/v2\/media?parent=74200"}],"wp:term":[{"taxonomy":"category","embeddable":true,"href":"https:\/\/lahora.mx\/index.php\/wp-json\/wp\/v2\/categories?post=74200"},{"taxonomy":"post_tag","embeddable":true,"href":"https:\/\/lahora.mx\/index.php\/wp-json\/wp\/v2\/tags?post=74200"}],"curies":[{"name":"wp","href":"https:\/\/api.w.org\/{rel}","templated":true}]}}