{"id":7411,"date":"2022-05-26T18:21:06","date_gmt":"2022-05-26T18:21:06","guid":{"rendered":"http:\/\/lahora.mx\/?p=7411"},"modified":"2022-05-26T18:28:14","modified_gmt":"2022-05-26T18:28:14","slug":"recorte-federal-deja-a-puebla-capital-sin-36-8-mdp-rivera","status":"publish","type":"post","link":"https:\/\/lahora.mx\/index.php\/2022\/05\/26\/recorte-federal-deja-a-puebla-capital-sin-36-8-mdp-rivera\/","title":{"rendered":"Recorte federal deja a Puebla capital sin 36.8 mdp: Rivera"},"content":{"rendered":"\n<p>El presidente municipal de Puebla, Eduardo Rivera P\u00e9rez, adelant\u00f3 que tendr\u00e1 que reajustar algunos programas debido a que&nbsp;<strong>sufrir\u00e1 un recorte de 36.8 millones de pesos<\/strong>&nbsp;por parte del Gobierno Federal por concepto del Impuesto Especial sobre Producci\u00f3n y Servicios (IEPS).<\/p>\n\n\n\n<p>Un comunicado de la&nbsp;<strong>Secretar\u00eda de Planeaci\u00f3n y Finanzas<\/strong>&nbsp;del gobierno estatal explica que la federaci\u00f3n declar\u00f3 \u201ccero pesos\u201d en su relaci\u00f3n de participaciones estatales durante abril de 2022, para los 217 municipios del estado.<\/p>\n\n\n\n<p>En entrevista, el edil poblano se\u00f1al\u00f3 que<strong>&nbsp;dejar de percibir el IEPS ser\u00e1 un \u201cgolpe a las finanzas\u201d<\/strong>&nbsp;del municipio y eso lo va obligar a recortar algunas metas como intervenciones de parques, proyectos de reforestaci\u00f3n y algunos otros.<\/p>\n\n\n\n<p>\u201cAl gobierno de la ciudad le van a retirar 36 millones 800 mil pesos por concepto del Impuesto Especial sobre Productos y Servicios. Es una cantidad importante de recursos y estaremos viendo que no afecte, en la medida de lo posible, otros proyectos que traemos y le estar\u00e9 pidi\u00e9ndole a la tesorera que revise las finanzas porque implica ingresos y participaciones\u201d, dijo.<\/p>\n\n\n\n<p>El alcalde panista apunt\u00f3 que a los gobiernos municipales del pa\u00eds les toca ser pr\u00e1cticamente \u201cel patito feo\u201d en el manejo de las finanzas p\u00fablicas, pues no ha sido la \u00fanica ocasi\u00f3n que la federaci\u00f3n les quita algunos fondos importantes, como ya ocurri\u00f3 con el Fondo Metropolitano y el Fortalecimiento del Desempe\u00f1o en Materia de Seguridad P\u00fablica (Fortaseg).<\/p>\n\n\n\n<p>Rivera P\u00e9rez dijo confiar en que los diputados federales puedan voltear a ver a los municipios y su realidad, pues lament\u00f3 que les \u00abtoca bailar en las finanzas con las m\u00e1s feas\u00bb y siempre pagan los platos rotos.<\/p>\n\n\n\n<p>Rivera P\u00e9rez dijo que contin\u00faan trabajando en el adelanto por el Banco Nacional de Obras y Servicios P\u00fablicos (Banobras), pues esperan solicitar 160 millones de pesos, que ser\u00edan utilizados para continuar ejecutando las acciones en favor de la movilidad.<\/p>\n","protected":false},"excerpt":{"rendered":"<p>El presidente municipal de Puebla, Eduardo Rivera P\u00e9rez, adelant\u00f3 que tendr\u00e1 que reajustar algunos programas debido a que&nbsp;sufrir\u00e1 un recorte de 36.8 millones de pesos&nbsp;por parte del Gobierno Federal por concepto del Impuesto Especial sobre Producci\u00f3n y Servicios (IEPS). Un comunicado de la&nbsp;Secretar\u00eda de Planeaci\u00f3n y Finanzas&nbsp;del gobierno estatal explica que la federaci\u00f3n declar\u00f3 \u201ccero [&hellip;]<\/p>\n","protected":false},"author":4,"featured_media":7415,"comment_status":"open","ping_status":"open","sticky":false,"template":"","format":"standard","meta":{"om_disable_all_campaigns":false,"_monsterinsights_skip_tracking":false,"_monsterinsights_sitenote_active":false,"_monsterinsights_sitenote_note":"","_monsterinsights_sitenote_category":0,"footnotes":""},"categories":[175],"tags":[195,223],"class_list":["post-7411","post","type-post","status-publish","format-standard","has-post-thumbnail","hentry","category-local","tag-principal","tag-puebla"],"amp_enabled":true,"_links":{"self":[{"href":"https:\/\/lahora.mx\/index.php\/wp-json\/wp\/v2\/posts\/7411","targetHints":{"allow":["GET"]}}],"collection":[{"href":"https:\/\/lahora.mx\/index.php\/wp-json\/wp\/v2\/posts"}],"about":[{"href":"https:\/\/lahora.mx\/index.php\/wp-json\/wp\/v2\/types\/post"}],"author":[{"embeddable":true,"href":"https:\/\/lahora.mx\/index.php\/wp-json\/wp\/v2\/users\/4"}],"replies":[{"embeddable":true,"href":"https:\/\/lahora.mx\/index.php\/wp-json\/wp\/v2\/comments?post=7411"}],"version-history":[{"count":1,"href":"https:\/\/lahora.mx\/index.php\/wp-json\/wp\/v2\/posts\/7411\/revisions"}],"predecessor-version":[{"id":7413,"href":"https:\/\/lahora.mx\/index.php\/wp-json\/wp\/v2\/posts\/7411\/revisions\/7413"}],"wp:featuredmedia":[{"embeddable":true,"href":"https:\/\/lahora.mx\/index.php\/wp-json\/wp\/v2\/media\/7415"}],"wp:attachment":[{"href":"https:\/\/lahora.mx\/index.php\/wp-json\/wp\/v2\/media?parent=7411"}],"wp:term":[{"taxonomy":"category","embeddable":true,"href":"https:\/\/lahora.mx\/index.php\/wp-json\/wp\/v2\/categories?post=7411"},{"taxonomy":"post_tag","embeddable":true,"href":"https:\/\/lahora.mx\/index.php\/wp-json\/wp\/v2\/tags?post=7411"}],"curies":[{"name":"wp","href":"https:\/\/api.w.org\/{rel}","templated":true}]}}