{"id":7407,"date":"2022-05-26T18:09:54","date_gmt":"2022-05-26T18:09:54","guid":{"rendered":"http:\/\/lahora.mx\/?p=7407"},"modified":"2022-05-26T18:09:55","modified_gmt":"2022-05-26T18:09:55","slug":"mas-protestas-por-caso-coyomeapan","status":"publish","type":"post","link":"https:\/\/lahora.mx\/index.php\/2022\/05\/26\/mas-protestas-por-caso-coyomeapan\/","title":{"rendered":"M\u00e1s protestas por caso Coyomeapan"},"content":{"rendered":"\n<p>L\u00edderes de 50 organizaciones defensoras de los&nbsp;<strong>derechos humanos<\/strong>&nbsp;reprobaron los sucesos acontecidos el pasado 9 de mayo en el municipio de&nbsp;<strong>Santa Mar\u00eda Coyomeapan<\/strong>, por lo que se manifestaron a las afueras del&nbsp;<strong>Palacio Nacional, en la Ciudad de M\u00e9xico,<\/strong>&nbsp;para exigir el esclarecimiento de las muertes de tres personas a manos de la&nbsp;<strong>Polic\u00eda Estatal de Puebla<\/strong>.<\/p>\n\n\n\n<p>Integrantes de las organizaciones encabezadas por la&nbsp;<strong>Coordinadora Nacional Plan de Ayala<\/strong>&nbsp;(CNPA), intentaron entregarle una carta abierta al presidente&nbsp;<strong>Andr\u00e9s Manuel L\u00f3pez Obrador<\/strong>, en la cual piden la inmediata intervenci\u00f3n de las autoridades federales y organismos internacionales.<\/p>\n\n\n\n<p>En dicha carta, como responsables firmaron&nbsp;<strong>Wilfrido Hern\u00e1ndez Jarqu\u00edn<\/strong>, l\u00edder de la CNPA adem\u00e1s de la&nbsp;<strong>Red Solidaria D\u00e9cada Contra la Impunidad<\/strong>&nbsp;A.C. (Rsdciac), la Asociaci\u00f3n de Familiares de Detenidos Desaparecidos y V\u00edctimas de Violaciones a los Derechos Humanos en M\u00e9xico (Afadem), la Liga Mexicana por la Defensa de los Derechos Humanos (Limeddh), el Centro de Derechos Humanos Esteban (Puebla), el Frente Mexicano Pro Derechos Humanos (Fremexdehu), el Colectivo Nacional Alerta Temprana de Periodistas y Defensores de Derechos Humanos, entre otras.<\/p>\n\n\n\n<p>El documento fue entregado a la&nbsp;<strong>Direcci\u00f3n General de la Secretar\u00eda de Gobernaci\u00f3n<\/strong>.<\/p>\n\n\n\n<p><strong>Nueve polic\u00edas estatales detenidos; los acusan de tres delitos<\/strong><\/p>\n\n\n\n<p>Sobre el conflicto, la ma\u00f1ana de este mi\u00e9rcoles, el gobernador&nbsp;<strong>Luis Miguel Barbosa Huerta<\/strong>&nbsp;confirm\u00f3 la detenci\u00f3n no de seis, sino de&nbsp;<strong>nueve uniformados<\/strong>&nbsp;que ya se encuentran a disposici\u00f3n de un Juez de Control, responsabilizados por los hechos del pasado 9 de mayo en el municipio de<strong>&nbsp;Zoquitl\u00e1n, en los que murieron tres personas vecinas de Coyomeapan.<\/strong><\/p>\n\n\n\n<p>Si bien, el titular de la SSP,<strong>&nbsp;Daniel Iv\u00e1n Cruz Luna&nbsp;<\/strong>dijo, en su momento, que los polic\u00edas se retiraron del lugar para ponerse a salvo y&nbsp;<strong>ten\u00edan conocimiento solo de personas heridas, no fallecidas,<\/strong>&nbsp;en la videoconferencia de prensa de este mi\u00e9rcoles, el ejecutivo estatal mencion\u00f3 que a los uniformados&nbsp;<strong>se les encontr\u00f3 responsabilidad<\/strong>&nbsp;en por lo menos<strong>&nbsp;tres delitos<\/strong>, mismos que no detall\u00f3.<\/p>\n\n\n\n<p>El gobernador&nbsp;<strong>\u201clament\u00f3\u201d lo sucedido<\/strong>&nbsp;y exigi\u00f3 a la Fiscal\u00eda General del Estado (FGE) el esclarecimiento total de los hechos&nbsp;<strong>\u201cde manera plena, sin encubrimientos, sin protecci\u00f3n\u201d<\/strong>, lo que contradice la versi\u00f3n oficial de que&nbsp;<strong>los pobladores agredieron primero a los polic\u00edas y estos solo se defendieron.<\/strong><\/p>\n\n\n\n<p>\u201cLa Fiscal\u00eda encontr\u00f3 responsabilidad de polic\u00edas estatales y claro que&nbsp;<strong>seguridad p\u00fablica tiene que prestar mayor capacitaci\u00f3n a sus polic\u00edas<\/strong>, revisi\u00f3n de sus comportamientos, todo un asunto muy complejo\u201d.<\/p>\n\n\n\n<p>Ayer los propios compa\u00f1eros de los detenidos cuestionaron la versi\u00f3n de la SSP, pues dijeron que los polic\u00edas, en aquella ocasi\u00f3n,&nbsp;<strong>\u201cactuaron bajo \u00f3rdenes\u201d.<\/strong><\/p>\n","protected":false},"excerpt":{"rendered":"<p>L\u00edderes de 50 organizaciones defensoras de los&nbsp;derechos humanos&nbsp;reprobaron los sucesos acontecidos el pasado 9 de mayo en el municipio de&nbsp;Santa Mar\u00eda Coyomeapan, por lo que se manifestaron a las afueras del&nbsp;Palacio Nacional, en la Ciudad de M\u00e9xico,&nbsp;para exigir el esclarecimiento de las muertes de tres personas a manos de la&nbsp;Polic\u00eda Estatal de Puebla. Integrantes de [&hellip;]<\/p>\n","protected":false},"author":4,"featured_media":7408,"comment_status":"open","ping_status":"open","sticky":false,"template":"","format":"standard","meta":{"om_disable_all_campaigns":false,"_monsterinsights_skip_tracking":false,"_monsterinsights_sitenote_active":false,"_monsterinsights_sitenote_note":"","_monsterinsights_sitenote_category":0,"footnotes":""},"categories":[175],"tags":[],"class_list":["post-7407","post","type-post","status-publish","format-standard","has-post-thumbnail","hentry","category-local"],"amp_enabled":true,"_links":{"self":[{"href":"https:\/\/lahora.mx\/index.php\/wp-json\/wp\/v2\/posts\/7407","targetHints":{"allow":["GET"]}}],"collection":[{"href":"https:\/\/lahora.mx\/index.php\/wp-json\/wp\/v2\/posts"}],"about":[{"href":"https:\/\/lahora.mx\/index.php\/wp-json\/wp\/v2\/types\/post"}],"author":[{"embeddable":true,"href":"https:\/\/lahora.mx\/index.php\/wp-json\/wp\/v2\/users\/4"}],"replies":[{"embeddable":true,"href":"https:\/\/lahora.mx\/index.php\/wp-json\/wp\/v2\/comments?post=7407"}],"version-history":[{"count":1,"href":"https:\/\/lahora.mx\/index.php\/wp-json\/wp\/v2\/posts\/7407\/revisions"}],"predecessor-version":[{"id":7409,"href":"https:\/\/lahora.mx\/index.php\/wp-json\/wp\/v2\/posts\/7407\/revisions\/7409"}],"wp:featuredmedia":[{"embeddable":true,"href":"https:\/\/lahora.mx\/index.php\/wp-json\/wp\/v2\/media\/7408"}],"wp:attachment":[{"href":"https:\/\/lahora.mx\/index.php\/wp-json\/wp\/v2\/media?parent=7407"}],"wp:term":[{"taxonomy":"category","embeddable":true,"href":"https:\/\/lahora.mx\/index.php\/wp-json\/wp\/v2\/categories?post=7407"},{"taxonomy":"post_tag","embeddable":true,"href":"https:\/\/lahora.mx\/index.php\/wp-json\/wp\/v2\/tags?post=7407"}],"curies":[{"name":"wp","href":"https:\/\/api.w.org\/{rel}","templated":true}]}}