{"id":74037,"date":"2026-01-02T16:01:51","date_gmt":"2026-01-02T16:01:51","guid":{"rendered":"https:\/\/lahora.mx\/?p=74037"},"modified":"2026-01-02T16:01:51","modified_gmt":"2026-01-02T16:01:51","slug":"trump-e-iran-cruzan-amenazas-en-medio-de-las-protestas-economicas-en-la-republica-islamica","status":"publish","type":"post","link":"https:\/\/lahora.mx\/index.php\/2026\/01\/02\/trump-e-iran-cruzan-amenazas-en-medio-de-las-protestas-economicas-en-la-republica-islamica\/","title":{"rendered":"Trump e Ir\u00e1n cruzan amenazas en medio de las protestas econ\u00f3micas en la Rep\u00fablica Isl\u00e1mica"},"content":{"rendered":"\n<p>Las tensiones entre Estados Unidos e Ir\u00e1n volvieron a escalar este viernes luego de que el presidente estadounidense, Donald Trump , y altos funcionarios iran\u00edes intercambiaran amenazas en medio de las protestas econ\u00f3micas que se propagan por diversas regiones de la Rep\u00fablica Isl\u00e1mica. Las manifestaciones, que llevan seis d\u00edas, han dejado al menos siete personas muertas y surgieron tras el colapso del rial iran\u00ed , cuya depreciaci\u00f3n ha provocado un fuerte malestar social.<\/p>\n\n\n\n<p>En un mensaje difundido a trav\u00e9s de su red Truth Social, Trump advirti\u00f3 que si el gobierno iran\u00ed \u201cmata violentamente a manifestantes pac\u00edficos\u201d, Estados Unidos \u201cacudir\u00e1 a su rescate\u201d, agregando que su pa\u00eds est\u00e1 \u201clisto y preparado para actuar\u201d, sin ofrecer m\u00e1s detalles.<br><br>Poco despu\u00e9s, Ali Larijani , secretario del Consejo Supremo de Seguridad Nacional de Ir\u00e1n y expresidente del Parlamento, respondi\u00f3 en la plataforma X acusando a Washington e Israel de instigar las protestas. \u201cTrump deber\u00eda saber que la intervenci\u00f3n de Estados Unidos en los aviones internos de Ir\u00e1n provocar\u00e1 caos en toda la regi\u00f3n y da\u00f1ar\u00e1 los intereses estadounidenses\u201d, se\u00f1al\u00f3, a\u00f1adiendo que \u201cdeber\u00edan cuidar de sus propios soldados\u201d.<\/p>\n\n\n\n<p>Las palabras de Larijani aludieron a la presencia militar estadounidense en Medio Oriente , luego de que Ir\u00e1n atacara en junio la Base A\u00e9rea de Al Udeid , en Catar, en represalia por los bombardeos ordenados por el Pent\u00e1gono contra tres instalaciones nucleares iran\u00edes durante la guerra de 12 d\u00edas con Israel.<\/p>\n\n\n\n<p>Por su parte, Ali Shamkhani , asesor del l\u00edder supremo Ali Jamenei , advirti\u00f3 que \u201ccualquier mano intervencionista que se acerque demasiado a la seguridad de Ir\u00e1n ser\u00e1 cortada\u201d, y record\u00f3 que \u201cel pueblo iran\u00ed conoce bien la experiencia de &#8216;ser rescatado&#8217; por los estadounidenses: desde Irak y Afganist\u00e1n hasta Gaza\u201d.<\/p>\n\n\n\n<p>Las protestas actuales son las m\u00e1s numerosas desde 2022, cuando la muerte de Mahsa Amini , una joven de 22 a\u00f1os detenida por la polic\u00eda de la moral, desat\u00f3 una ola de movilizaciones a nivel nacional. Sin embargo, las manifestaciones de este a\u00f1o, aunque significativas, no han alcanzado la misma magnitud ni extensi\u00f3n que aquellas.<\/p>\n\n\n\n<p>El presidente reformista Masoud Pezeshkian ha manifestado su intenci\u00f3n de abrir canales de di\u00e1logo con los manifestantes, aunque admiti\u00f3 limitaciones ante la grave crisis econ\u00f3mica. El d\u00f3lar se cotiza actualmente en alrededor de 1,4 millones de riales , una de las principales causas del descontento popular.<\/p>\n\n\n\n<p>Pese al clima de tensi\u00f3n, el gobierno iran\u00ed afirm\u00f3 meses atr\u00e1s que hab\u00eda suspendido el enriquecimiento de uranio en todas sus plantas, como se\u00f1al de apertura a eventuales negociaciones con Occidente a cambio de alivio en las sanciones. No obstante, estos acercamientos no se han concretado, mientras Trump y el primer ministro israel\u00ed Benjam\u00edn Netanyahu advierten a Teher\u00e1n que no intentan reactivar su programa nuclear.<\/p>\n","protected":false},"excerpt":{"rendered":"<p>Las tensiones entre Estados Unidos e Ir\u00e1n volvieron a escalar este viernes luego de que el presidente estadounidense, Donald Trump , y altos funcionarios iran\u00edes intercambiaran amenazas en medio de las protestas econ\u00f3micas que se propagan por diversas regiones de la Rep\u00fablica Isl\u00e1mica. Las manifestaciones, que llevan seis d\u00edas, han dejado al menos siete personas [&hellip;]<\/p>\n","protected":false},"author":1,"featured_media":74038,"comment_status":"open","ping_status":"open","sticky":false,"template":"","format":"standard","meta":{"om_disable_all_campaigns":false,"_monsterinsights_skip_tracking":false,"_monsterinsights_sitenote_active":false,"_monsterinsights_sitenote_note":"","_monsterinsights_sitenote_category":0,"footnotes":""},"categories":[183],"tags":[],"class_list":["post-74037","post","type-post","status-publish","format-standard","has-post-thumbnail","hentry","category-internacional"],"amp_enabled":true,"_links":{"self":[{"href":"https:\/\/lahora.mx\/index.php\/wp-json\/wp\/v2\/posts\/74037","targetHints":{"allow":["GET"]}}],"collection":[{"href":"https:\/\/lahora.mx\/index.php\/wp-json\/wp\/v2\/posts"}],"about":[{"href":"https:\/\/lahora.mx\/index.php\/wp-json\/wp\/v2\/types\/post"}],"author":[{"embeddable":true,"href":"https:\/\/lahora.mx\/index.php\/wp-json\/wp\/v2\/users\/1"}],"replies":[{"embeddable":true,"href":"https:\/\/lahora.mx\/index.php\/wp-json\/wp\/v2\/comments?post=74037"}],"version-history":[{"count":1,"href":"https:\/\/lahora.mx\/index.php\/wp-json\/wp\/v2\/posts\/74037\/revisions"}],"predecessor-version":[{"id":74039,"href":"https:\/\/lahora.mx\/index.php\/wp-json\/wp\/v2\/posts\/74037\/revisions\/74039"}],"wp:featuredmedia":[{"embeddable":true,"href":"https:\/\/lahora.mx\/index.php\/wp-json\/wp\/v2\/media\/74038"}],"wp:attachment":[{"href":"https:\/\/lahora.mx\/index.php\/wp-json\/wp\/v2\/media?parent=74037"}],"wp:term":[{"taxonomy":"category","embeddable":true,"href":"https:\/\/lahora.mx\/index.php\/wp-json\/wp\/v2\/categories?post=74037"},{"taxonomy":"post_tag","embeddable":true,"href":"https:\/\/lahora.mx\/index.php\/wp-json\/wp\/v2\/tags?post=74037"}],"curies":[{"name":"wp","href":"https:\/\/api.w.org\/{rel}","templated":true}]}}