{"id":7399,"date":"2022-05-26T16:27:00","date_gmt":"2022-05-26T16:27:00","guid":{"rendered":"http:\/\/lahora.mx\/?p=7399"},"modified":"2022-05-26T16:27:01","modified_gmt":"2022-05-26T16:27:01","slug":"denuncia-lopez-obrador-boicot-en-su-contra-en-el-aicm","status":"publish","type":"post","link":"https:\/\/lahora.mx\/index.php\/2022\/05\/26\/denuncia-lopez-obrador-boicot-en-su-contra-en-el-aicm\/","title":{"rendered":"Denuncia L\u00f3pez Obrador \u2018boicot\u2019 en su contra en el AICM"},"content":{"rendered":"\n<p>El presidente Andr\u00e9s Manuel L\u00f3pez Obrador asegur\u00f3 que hay un \u00abboicot\u00bb en sus contra en el Aeropuerto Internacional de la Ciudad de M\u00e9xico (AICM)  ya que se culpa a su gobierno de cualquier afectaci\u00f3n en los vuelos.<\/p>\n\n\n\n<p>Desde Palacio Nacional, el mandatario asegur\u00f3 que esta campa\u00f1a \u201cviene de arriba\u201d, de quienes, debido al combate a la corrupci\u00f3n, perdieron la oportunidad de hacer negocios con el Nuevo Aeropuerto Internacional de la Ciudad de M\u00e9xico, en Texcoco, Estado de M\u00e9xico.<\/p>\n\n\n\n<p>L\u00f3pez Obrador explic\u00f3 que debido a que los conservadores perdieron el poder hacer un \u201crobo\u201d de 200 mil millones de pesos con la obra que fue cancelada por la actual administraci\u00f3n.<\/p>\n\n\n\n<p>En diversas ocasiones, el mandatario ha celebrado el haber cancelado el Aeropuerto en Texcoco al considerar que era una obra a la corrupci\u00f3n y con la cual, adem\u00e1s, en los terrenos que quedaran del AICM se buscaba hacer un negocio inmobiliario.<\/p>\n\n\n\n<p>\u201cSe quedaron molest\u00edsimos ellos, sus achichincles y sus seguidores del conservadurismo, entonces quieren que nos salgan mal las cosas y en el AICM, tengo la informaci\u00f3n, de que hay una campa\u00f1a ech\u00e1ndonos la culpa de que si hay saturaci\u00f3n, si no se atiende pronto a los pasajeros, si se les mantiene una hora, dos horas, pues es culpa del gobierno\u201d, dijo esta ma\u00f1ana.<\/p>\n","protected":false},"excerpt":{"rendered":"<p>El presidente Andr\u00e9s Manuel L\u00f3pez Obrador asegur\u00f3 que hay un \u00abboicot\u00bb en sus contra en el Aeropuerto Internacional de la Ciudad de M\u00e9xico (AICM) ya que se culpa a su gobierno de cualquier afectaci\u00f3n en los vuelos. Desde Palacio Nacional, el mandatario asegur\u00f3 que esta campa\u00f1a \u201cviene de arriba\u201d, de quienes, debido al combate a [&hellip;]<\/p>\n","protected":false},"author":4,"featured_media":7400,"comment_status":"open","ping_status":"open","sticky":false,"template":"","format":"standard","meta":{"om_disable_all_campaigns":false,"_monsterinsights_skip_tracking":false,"_monsterinsights_sitenote_active":false,"_monsterinsights_sitenote_note":"","_monsterinsights_sitenote_category":0,"footnotes":""},"categories":[176],"tags":[195],"class_list":["post-7399","post","type-post","status-publish","format-standard","has-post-thumbnail","hentry","category-nacional","tag-principal"],"amp_enabled":true,"_links":{"self":[{"href":"https:\/\/lahora.mx\/index.php\/wp-json\/wp\/v2\/posts\/7399","targetHints":{"allow":["GET"]}}],"collection":[{"href":"https:\/\/lahora.mx\/index.php\/wp-json\/wp\/v2\/posts"}],"about":[{"href":"https:\/\/lahora.mx\/index.php\/wp-json\/wp\/v2\/types\/post"}],"author":[{"embeddable":true,"href":"https:\/\/lahora.mx\/index.php\/wp-json\/wp\/v2\/users\/4"}],"replies":[{"embeddable":true,"href":"https:\/\/lahora.mx\/index.php\/wp-json\/wp\/v2\/comments?post=7399"}],"version-history":[{"count":1,"href":"https:\/\/lahora.mx\/index.php\/wp-json\/wp\/v2\/posts\/7399\/revisions"}],"predecessor-version":[{"id":7401,"href":"https:\/\/lahora.mx\/index.php\/wp-json\/wp\/v2\/posts\/7399\/revisions\/7401"}],"wp:featuredmedia":[{"embeddable":true,"href":"https:\/\/lahora.mx\/index.php\/wp-json\/wp\/v2\/media\/7400"}],"wp:attachment":[{"href":"https:\/\/lahora.mx\/index.php\/wp-json\/wp\/v2\/media?parent=7399"}],"wp:term":[{"taxonomy":"category","embeddable":true,"href":"https:\/\/lahora.mx\/index.php\/wp-json\/wp\/v2\/categories?post=7399"},{"taxonomy":"post_tag","embeddable":true,"href":"https:\/\/lahora.mx\/index.php\/wp-json\/wp\/v2\/tags?post=7399"}],"curies":[{"name":"wp","href":"https:\/\/api.w.org\/{rel}","templated":true}]}}