{"id":73876,"date":"2025-12-07T14:33:40","date_gmt":"2025-12-07T14:33:40","guid":{"rendered":"https:\/\/lahora.mx\/?p=73876"},"modified":"2025-12-31T14:34:53","modified_gmt":"2025-12-31T14:34:53","slug":"moderniza-pepe-chedraui-intersecciones-viales-en-la-capital","status":"publish","type":"post","link":"https:\/\/lahora.mx\/index.php\/2025\/12\/07\/moderniza-pepe-chedraui-intersecciones-viales-en-la-capital\/","title":{"rendered":"Moderniza Pepe Chedraui intersecciones viales en la capital"},"content":{"rendered":"\n<p>En el marco del programa Entornos de Movilidad Segura, el presidente municipal, Pepe Chedraui Budib, encabez\u00f3 la inauguraci\u00f3n de los trabajos de modernizaci\u00f3n de la intersecci\u00f3n vial ubicada en prolongaci\u00f3n Reforma y calle 35 Norte en la colonia Amor.<\/p>\n\n\n\n<p>Durante el acto, el edil capitalino destac\u00f3 que su administraci\u00f3n mantiene un firme compromiso con la construcci\u00f3n de una ciudad m\u00e1s segura, moderna y ordenada para todas y todos, por ende, se trabaja con una estrategia integral orientada a proteger la vida de peatones, ciclistas, motociclistas, automovilistas y usuarios del transporte p\u00fablico.<\/p>\n\n\n\n<p>\u201cComo alcalde, mi compromiso es claro: garantizar el paso seguro de todas y todos los usuarios de la v\u00eda. Por ello, hoy ponemos en marcha la modernizaci\u00f3n de esta intersecci\u00f3n como parte del programa Entornos de Movilidad Segura, una estrategia dise\u00f1ada para reducir siniestros viales y mejorar la movilidad en puntos cr\u00edticos de la capital\u201d, subray\u00f3.<\/p>\n\n\n\n<p>Por su parte, la secretaria para la Igualdad Sustantiva de G\u00e9nero, Zaira Gonz\u00e1lez G\u00f3mez se\u00f1al\u00f3 que, estas intervenciones que se llevan a cabo en diferentes zonas de la capital, no solo ordenan la ciudad; tambi\u00e9n transforman la manera en que vive y se desplaza la poblaci\u00f3n.<\/p>\n\n\n\n<p>\u201cCuando una obra p\u00fablica coloca en el centro a las personas, especialmente a quienes hist\u00f3ricamente han sido m\u00e1s vulneradas, estamos avanzando hacia una Puebla que cuida, que incluye y que pone la igualdad como principio de gobierno. Contar con cruces mejor iluminados, se\u00f1alizados y dise\u00f1ados para proteger la vida es fundamental para reducir violencias, fortalecer la seguridad y garantizar el derecho de las mujeres a transitar libres y sin miedo\u201d, asever\u00f3.<\/p>\n\n\n\n<p>En su momento, el secretario de Movilidad e Infraestructura, David Aysa inform\u00f3 que, se han concluido los trabajos de modernizaci\u00f3n en las intersecciones ubicadas en prolongaci\u00f3n Reforma y calle 35 Norte, avenida 18 de Noviembre y diagonal Defensores de la Rep\u00fablica, as\u00ed como en avenida 18 de Noviembre y calle H.<\/p>\n\n\n\n<p>\u201cDel a\u00f1o 2015 a la fecha se ha registrado 758 fallecimientos por siniestros viales en la capital. Por ello, a trav\u00e9s del programa Entornos de Movilidad Segura modernizamos las 10 intersecciones con m\u00e1s siniestros viales, con la finalidad de reducir los fallecimientos por esta causa\u201d, puntualiz\u00f3.<\/p>\n\n\n\n<p>Finalmente, el subsecretario de Movilidad y Seguridad Vial, Norman Campos Vel\u00e1zquez precis\u00f3 que, con la visi\u00f3n integral del alcalde Pepe Chedraui en materia de movilidad y seguridad vial, se ejecutan acciones de modernizaci\u00f3n de la red semaf\u00f3rica, mejora y ampliaci\u00f3n de la infraestructura ciclista, implementaci\u00f3n de talleres de seguridad vial en planteles educativos, entre otras.<\/p>\n\n\n\n<p>\u201cComo nunca antes estamos trabajando coordinados con el Instituto de Pol\u00edticas para el Transporte y Desarrollo (ITDP), colectivos, familiares de v\u00edctimas y con organismos internacionales para impulsar proyectos que mejoren la movilidad y seguridad vial de la ciudad\u201d, a\u00f1adi\u00f3.<\/p>\n\n\n\n<p>Cabe destacar que, como parte de los trabajos de modernizaci\u00f3n de la intersecci\u00f3n de prolongaci\u00f3n Reforma y calle 35 Norte, se construyeron un total de 3 mil 57 metros cuadrados de banquetas con gu\u00eda podot\u00e1ctil para personas con debilidad visual, 2 mil 67 metros lineales de guarnici\u00f3n y rampas. Adem\u00e1s, se colocaron 14 sem\u00e1foros peatonales audibles, 6 sem\u00e1foros vehiculares, 58 luminarias, 2 paraderos para usuarios de transporte p\u00fablico, 1 c\u00e1mara de monitoreo vial, bolardos, se\u00f1alamientos verticales y aplicaci\u00f3n de se\u00f1al\u00e9tica horizontal.<\/p>\n\n\n\n<p>Con estas acciones, el Gobierno de la Ciudad que encabeza el alcalde Pepe Chedraui Budib, refrenda su compromiso de construir una capital en orden, donde el peat\u00f3n se ubica en el centro de las pol\u00edticas p\u00fablicas en materia de movilidad y seguridad vial.<\/p>\n","protected":false},"excerpt":{"rendered":"<p>En el marco del programa Entornos de Movilidad Segura, el presidente municipal, Pepe Chedraui Budib, encabez\u00f3 la inauguraci\u00f3n de los trabajos de modernizaci\u00f3n de la intersecci\u00f3n vial ubicada en prolongaci\u00f3n Reforma y calle 35 Norte en la colonia Amor. Durante el acto, el edil capitalino destac\u00f3 que su administraci\u00f3n mantiene un firme compromiso con la [&hellip;]<\/p>\n","protected":false},"author":1,"featured_media":73877,"comment_status":"open","ping_status":"open","sticky":false,"template":"","format":"standard","meta":{"om_disable_all_campaigns":false,"_monsterinsights_skip_tracking":false,"_monsterinsights_sitenote_active":false,"_monsterinsights_sitenote_note":"","_monsterinsights_sitenote_category":0,"footnotes":""},"categories":[175],"tags":[],"class_list":["post-73876","post","type-post","status-publish","format-standard","has-post-thumbnail","hentry","category-local"],"amp_enabled":true,"_links":{"self":[{"href":"https:\/\/lahora.mx\/index.php\/wp-json\/wp\/v2\/posts\/73876","targetHints":{"allow":["GET"]}}],"collection":[{"href":"https:\/\/lahora.mx\/index.php\/wp-json\/wp\/v2\/posts"}],"about":[{"href":"https:\/\/lahora.mx\/index.php\/wp-json\/wp\/v2\/types\/post"}],"author":[{"embeddable":true,"href":"https:\/\/lahora.mx\/index.php\/wp-json\/wp\/v2\/users\/1"}],"replies":[{"embeddable":true,"href":"https:\/\/lahora.mx\/index.php\/wp-json\/wp\/v2\/comments?post=73876"}],"version-history":[{"count":1,"href":"https:\/\/lahora.mx\/index.php\/wp-json\/wp\/v2\/posts\/73876\/revisions"}],"predecessor-version":[{"id":73879,"href":"https:\/\/lahora.mx\/index.php\/wp-json\/wp\/v2\/posts\/73876\/revisions\/73879"}],"wp:featuredmedia":[{"embeddable":true,"href":"https:\/\/lahora.mx\/index.php\/wp-json\/wp\/v2\/media\/73877"}],"wp:attachment":[{"href":"https:\/\/lahora.mx\/index.php\/wp-json\/wp\/v2\/media?parent=73876"}],"wp:term":[{"taxonomy":"category","embeddable":true,"href":"https:\/\/lahora.mx\/index.php\/wp-json\/wp\/v2\/categories?post=73876"},{"taxonomy":"post_tag","embeddable":true,"href":"https:\/\/lahora.mx\/index.php\/wp-json\/wp\/v2\/tags?post=73876"}],"curies":[{"name":"wp","href":"https:\/\/api.w.org\/{rel}","templated":true}]}}