{"id":73870,"date":"2025-12-02T14:30:24","date_gmt":"2025-12-02T14:30:24","guid":{"rendered":"https:\/\/lahora.mx\/?p=73870"},"modified":"2025-12-31T14:32:10","modified_gmt":"2025-12-31T14:32:10","slug":"fortalece-pepe-chedraui-el-gobierno-abierto-en-puebla-con-la-primera-reunion-de-la-alianza-universitaria","status":"publish","type":"post","link":"https:\/\/lahora.mx\/index.php\/2025\/12\/02\/fortalece-pepe-chedraui-el-gobierno-abierto-en-puebla-con-la-primera-reunion-de-la-alianza-universitaria\/","title":{"rendered":"Fortalece Pepe Chedraui el Gobierno Abierto en Puebla con la primera reuni\u00f3n de la Alianza Universitaria"},"content":{"rendered":"\n<p>Con el prop\u00f3sito de impulsar la participaci\u00f3n estudiantil y la transparencia en la capital, el presidente municipal, Pepe Chedraui Budib, encabez\u00f3 la primera reuni\u00f3n de la Alianza Universitaria por el Gobierno Abierto, un encuentro integrado por representantes de diversas instituciones educativas.<\/p>\n\n\n\n<p>La reuni\u00f3n tuvo como objetivo establecer la agenda de trabajo conjunto entre el Gobierno de la Ciudad y las universidades pertenecientes a la alianza entre las que se encuentran AUIEMSS, An\u00e1huac, Escuela Libre de Derecho de Puebla, IBERO Puebla, Universidad IEU, Universidad del Valle de Puebla para promover una comunidad estudiantil abierta, participativa y comprometida con la sociedad.<\/p>\n\n\n\n<p>En su mensaje, el edil, Pepe Chedraui Budib, destac\u00f3 que con esta alianza se establece una comunicaci\u00f3n directa y cercana para promover t\u00e1cticas reales de un gobierno abierto, inducir la participaci\u00f3n de la comunidad universitaria y generar proyectos de impacto en la capital.<\/p>\n\n\n\n<p>\u201cQueremos que el conocimiento, la creatividad y el potencial de nuestras juventudes se traduzcan en soluciones innovadoras y concretas para los retos que enfrenta Puebla d\u00eda con d\u00eda\u201d, subray\u00f3.<\/p>\n\n\n\n<p>Por su parte, Laura E. Garc\u00eda Gonz\u00e1lez, coordinadora general de Transparencia y Municipio Abierto resalt\u00f3 que esta iniciativa permite fomentar a la capital como un gobierno cercano y referente en tema de gobierno abierto, formando as\u00ed juventudes m\u00e1s informadas.<\/p>\n\n\n\n<p>\u201cCon el fin de impulsar proyectos de colaboraci\u00f3n que beneficien tanto a nuestras comunidades universitarias como a la ciudadan\u00eda en su conjunto\u201d, enfatiz\u00f3.<\/p>\n\n\n\n<p>A su vez, Zaira Gonz\u00e1lez G\u00f3mez, secretaria para la Igualdad Sustantiva de G\u00e9nero resalt\u00f3 que gracias a esta mesa de trabajo se fortalece la relaci\u00f3n entre las instituciones y la academia por una capital m\u00e1s abierta, justa y participativa.<\/p>\n\n\n\n<p>\u201cDonde hay una mujer, hay transformaci\u00f3n; donde hay colaboraci\u00f3n, hay futuro; y donde hay universidades dispuestas a abrirse, hay ciudad\u201d, afirm\u00f3.<\/p>\n\n\n\n<p>Se cont\u00f3 con la conferencia \u201cDel Estado Transparente al Estado Inteligente: Desaf\u00edos de la Apertura Institucional\u201d, impartida por Jaime Abraham Cerdio Mois\u00e9s, director general de Nexus Anal\u00edtica, en la que aport\u00f3 conceptos clave para consolidar acciones conjuntas de gobierno abierto y reflexionar sobre los retos actuales de la apertura institucional.<\/p>\n\n\n\n<p>Con estas acciones, el Gobierno de la Ciudad reafirma su compromiso por una capital m\u00e1s justa, ordenada y transparente.<\/p>\n","protected":false},"excerpt":{"rendered":"<p>Con el prop\u00f3sito de impulsar la participaci\u00f3n estudiantil y la transparencia en la capital, el presidente municipal, Pepe Chedraui Budib, encabez\u00f3 la primera reuni\u00f3n de la Alianza Universitaria por el Gobierno Abierto, un encuentro integrado por representantes de diversas instituciones educativas. La reuni\u00f3n tuvo como objetivo establecer la agenda de trabajo conjunto entre el Gobierno [&hellip;]<\/p>\n","protected":false},"author":1,"featured_media":73871,"comment_status":"open","ping_status":"open","sticky":false,"template":"","format":"standard","meta":{"om_disable_all_campaigns":false,"_monsterinsights_skip_tracking":false,"_monsterinsights_sitenote_active":false,"_monsterinsights_sitenote_note":"","_monsterinsights_sitenote_category":0,"footnotes":""},"categories":[5],"tags":[128,223],"class_list":["post-73870","post","type-post","status-publish","format-standard","has-post-thumbnail","hentry","category-politica","tag-politics","tag-puebla"],"amp_enabled":true,"_links":{"self":[{"href":"https:\/\/lahora.mx\/index.php\/wp-json\/wp\/v2\/posts\/73870","targetHints":{"allow":["GET"]}}],"collection":[{"href":"https:\/\/lahora.mx\/index.php\/wp-json\/wp\/v2\/posts"}],"about":[{"href":"https:\/\/lahora.mx\/index.php\/wp-json\/wp\/v2\/types\/post"}],"author":[{"embeddable":true,"href":"https:\/\/lahora.mx\/index.php\/wp-json\/wp\/v2\/users\/1"}],"replies":[{"embeddable":true,"href":"https:\/\/lahora.mx\/index.php\/wp-json\/wp\/v2\/comments?post=73870"}],"version-history":[{"count":1,"href":"https:\/\/lahora.mx\/index.php\/wp-json\/wp\/v2\/posts\/73870\/revisions"}],"predecessor-version":[{"id":73872,"href":"https:\/\/lahora.mx\/index.php\/wp-json\/wp\/v2\/posts\/73870\/revisions\/73872"}],"wp:featuredmedia":[{"embeddable":true,"href":"https:\/\/lahora.mx\/index.php\/wp-json\/wp\/v2\/media\/73871"}],"wp:attachment":[{"href":"https:\/\/lahora.mx\/index.php\/wp-json\/wp\/v2\/media?parent=73870"}],"wp:term":[{"taxonomy":"category","embeddable":true,"href":"https:\/\/lahora.mx\/index.php\/wp-json\/wp\/v2\/categories?post=73870"},{"taxonomy":"post_tag","embeddable":true,"href":"https:\/\/lahora.mx\/index.php\/wp-json\/wp\/v2\/tags?post=73870"}],"curies":[{"name":"wp","href":"https:\/\/api.w.org\/{rel}","templated":true}]}}