{"id":73854,"date":"2025-12-30T22:46:56","date_gmt":"2025-12-30T22:46:56","guid":{"rendered":"https:\/\/lahora.mx\/?p=73854"},"modified":"2025-12-30T22:46:57","modified_gmt":"2025-12-30T22:46:57","slug":"sep-integrara-nuevos-libros-de-texto-en-primaria-y-secundaria-desde-2026","status":"publish","type":"post","link":"https:\/\/lahora.mx\/index.php\/2025\/12\/30\/sep-integrara-nuevos-libros-de-texto-en-primaria-y-secundaria-desde-2026\/","title":{"rendered":"SEP integrar\u00e1 nuevos libros de texto en primaria y secundaria desde 2026"},"content":{"rendered":"\n<p>La Secretar\u00eda de Educaci\u00f3n P\u00fablica (SEP) anunci\u00f3 que, a partir del ciclo escolar 2026, se a\u00f1adir\u00e1n dos nuevos libros de texto obligatorios en los niveles de primaria y secundaria. La medida busca reforzar habilidades fundamentales en lectura, escritura y matem\u00e1ticas para todos los estudiantes del pa\u00eds.<\/p>\n\n\n\n<p>Los materiales que se incorporar\u00e1n son: \u201cM\u00faltiples Lenguajes. Trazos y Palabras\u201d, dise\u00f1ado para fortalecer la lectoescritura, desde el reconocimiento de letras hasta la comprensi\u00f3n de textos; y \u201cM\u00faltiples Lenguajes. Trazos y N\u00fameros\u201d, enfocado en matem\u00e1ticas b\u00e1sicas y razonamiento l\u00f3gico desde los primeros grados. Ambos libros ya se usan en los primeros a\u00f1os de primaria, pero ahora se extender\u00e1 su uso a todos los niveles de la educaci\u00f3n b\u00e1sica.<br>Seg\u00fan la SEP, estos textos se integrar\u00e1n dentro del plan educativo nacional, pero no reemplazar\u00e1n los libros actuales, sino que funcionar\u00e1n como herramientas complementarias que acompa\u00f1en a los estudiantes en el desarrollo de competencias esenciales para todas las materias. La iniciativa se vincula con la Nueva Escuela Mexicana, modelo que promueve un aprendizaje significativo y la adquisici\u00f3n de competencias m\u00e1s all\u00e1 de la memorizaci\u00f3n.<\/p>\n\n\n\n<p>El proceso de implementaci\u00f3n ser\u00e1 gradual. Durante los a\u00f1os previos a 2026 se trabajar\u00e1 en desarrollo, ajuste y adaptaci\u00f3n de los contenidos para cubrir las necesidades de cada nivel educativo. La SEP enfatiz\u00f3 que se busca que los materiales cumplan su funci\u00f3n pedag\u00f3gica sin generar cambios improvisados en las aulas.<\/p>\n\n\n\n<p>La medida tiene como objetivo que los estudiantes cuenten con herramientas consistentes que refuercen las bases de lectura, escritura y matem\u00e1ticas a lo largo de su trayectoria escolar, desde primaria hasta secundaria. La expectativa es que, con la integraci\u00f3n de estos libros, se pueda consolidar un aprendizaje m\u00e1s s\u00f3lido y continuo, aunque su \u00e9xito depender\u00e1 de la aplicaci\u00f3n efectiva en las aulas y de la capacitaci\u00f3n de los docentes que los utilicen.<\/p>\n","protected":false},"excerpt":{"rendered":"<p>La Secretar\u00eda de Educaci\u00f3n P\u00fablica (SEP) anunci\u00f3 que, a partir del ciclo escolar 2026, se a\u00f1adir\u00e1n dos nuevos libros de texto obligatorios en los niveles de primaria y secundaria. La medida busca reforzar habilidades fundamentales en lectura, escritura y matem\u00e1ticas para todos los estudiantes del pa\u00eds. Los materiales que se incorporar\u00e1n son: \u201cM\u00faltiples Lenguajes. Trazos [&hellip;]<\/p>\n","protected":false},"author":1,"featured_media":73855,"comment_status":"open","ping_status":"open","sticky":false,"template":"","format":"standard","meta":{"om_disable_all_campaigns":false,"_monsterinsights_skip_tracking":false,"_monsterinsights_sitenote_active":false,"_monsterinsights_sitenote_note":"","_monsterinsights_sitenote_category":0,"footnotes":""},"categories":[176],"tags":[195],"class_list":["post-73854","post","type-post","status-publish","format-standard","has-post-thumbnail","hentry","category-nacional","tag-principal"],"amp_enabled":true,"_links":{"self":[{"href":"https:\/\/lahora.mx\/index.php\/wp-json\/wp\/v2\/posts\/73854","targetHints":{"allow":["GET"]}}],"collection":[{"href":"https:\/\/lahora.mx\/index.php\/wp-json\/wp\/v2\/posts"}],"about":[{"href":"https:\/\/lahora.mx\/index.php\/wp-json\/wp\/v2\/types\/post"}],"author":[{"embeddable":true,"href":"https:\/\/lahora.mx\/index.php\/wp-json\/wp\/v2\/users\/1"}],"replies":[{"embeddable":true,"href":"https:\/\/lahora.mx\/index.php\/wp-json\/wp\/v2\/comments?post=73854"}],"version-history":[{"count":1,"href":"https:\/\/lahora.mx\/index.php\/wp-json\/wp\/v2\/posts\/73854\/revisions"}],"predecessor-version":[{"id":73856,"href":"https:\/\/lahora.mx\/index.php\/wp-json\/wp\/v2\/posts\/73854\/revisions\/73856"}],"wp:featuredmedia":[{"embeddable":true,"href":"https:\/\/lahora.mx\/index.php\/wp-json\/wp\/v2\/media\/73855"}],"wp:attachment":[{"href":"https:\/\/lahora.mx\/index.php\/wp-json\/wp\/v2\/media?parent=73854"}],"wp:term":[{"taxonomy":"category","embeddable":true,"href":"https:\/\/lahora.mx\/index.php\/wp-json\/wp\/v2\/categories?post=73854"},{"taxonomy":"post_tag","embeddable":true,"href":"https:\/\/lahora.mx\/index.php\/wp-json\/wp\/v2\/tags?post=73854"}],"curies":[{"name":"wp","href":"https:\/\/api.w.org\/{rel}","templated":true}]}}