{"id":73845,"date":"2025-12-30T18:11:34","date_gmt":"2025-12-30T18:11:34","guid":{"rendered":"https:\/\/lahora.mx\/?p=73845"},"modified":"2025-12-30T18:11:34","modified_gmt":"2025-12-30T18:11:34","slug":"habra-reparacion-del-dano-a-familiares-de-victimas-del-accidente-del-tren-sheinbaum","status":"publish","type":"post","link":"https:\/\/lahora.mx\/index.php\/2025\/12\/30\/habra-reparacion-del-dano-a-familiares-de-victimas-del-accidente-del-tren-sheinbaum\/","title":{"rendered":"Habr\u00e1 reparaci\u00f3n del da\u00f1o a familiares de v\u00edctimas del accidente del tren: Sheinbaum"},"content":{"rendered":"\n<p>La presidenta de M\u00e9xico, Claudia Sheinbaum Pardo, asegur\u00f3 que todos los heridos y familiares de los fallecidos en el accidente del Tren Interoce\u00e1nico recibir\u00e1n una reparaci\u00f3n integral de da\u00f1os.<\/p>\n\n\n\n<p>Al iniciar su conferencia ma\u00f1anera, la mandataria, indic\u00f3 que la aseguradora del Tren Interoce\u00e1nico proceder\u00e1 primero y la Fiscal\u00eda General de la Rep\u00fablica (FGR) tambi\u00e9n tendr\u00e1 un an\u00e1lisis de reparaci\u00f3n de da\u00f1os.<\/p>\n\n\n\n<p>A todos se va a apoyar tanto a hospitalizados como a las personas que perdieron un ser querido, hemos dispuesto de un servidor p\u00fablico por cada familia para apoyarlos\u2026 es muy doloroso lo que ocurri\u00f3 y debemos estar cerca de las v\u00edctimas\u201d, mencion\u00f3.<br>thumb<br>La presidenta indic\u00f3 que ayer adem\u00e1s de acudir a tres hospitales donde estaban los heridos, se present\u00f3 a una funeraria para expresar a familiares el apoyo del gobierno de M\u00e9xico.Cuartoscuro<br>La jefa de Estado indic\u00f3 que adem\u00e1s de acudir a tres hospitales donde estaban los heridos, se present\u00f3 a una funeraria para expresar a familiares el apoyo del gobierno de M\u00e9xico. La primera presidenta del pa\u00eds coment\u00f3 que se est\u00e1 acelerando el proceso de tr\u00e1mites a cargo de la fiscal\u00eda.<\/p>\n\n\n\n<p>Claudia Sheinbaum mencion\u00f3 que este lunes se dio como primera etapa un apoyo a todos de 30 mil pesos para los gastos necesarios.<\/p>\n\n\n\n<p>Por video llamada, el gobernador de Oaxaca, Salom\u00f3n Jara; Zo\u00e9 Robledo, director del IMSS, Alejandro Svarch P\u00e9rez, director general del IMSS-Bienestar; y Gustavo Reyes Ter\u00e1n, director m\u00e9dico del Instituto de Seguridad y Servicios Sociales de los Trabajadores del Estado (ISSSTE), dieron parte del estado de salud de los pacientes hospitalizados. Hay 36 pacientes que contin\u00faan hospitalizados.<\/p>\n\n\n\n<p>thumb<br>Hay 36 pacientes que contin\u00faan hospitalizados.Cuartoscuro<br>\u00bfC\u00f3mo van las investigaciones?<br>La presidenta mencion\u00f3 que en el tema de las investigaciones, Hoy estuvo la fiscal en el gabinete e inici\u00f3 la investigaci\u00f3n y coment\u00f3 que al rato dar\u00e1 a conocer informaci\u00f3n sobre las causas del accidente.<\/p>\n\n\n\n<p>Hoy estuvo la fiscal en el gabinete e inici\u00f3 la investigaci\u00f3n y coment\u00f3 que al rato dar\u00e1 a conocer informaci\u00f3n sobre las causas del accidente por lo que est\u00e1 con peritos extrayendo informaci\u00f3n de la caja negra\u201d, detall\u00f3.<br>Aunado a lo anterior, hizo un llamado a la sociedad en general a que por medios oficiales sea la \u00fanica v\u00eda por la cual se puedan conocer datos, por lo que invit\u00f3 a no caer en especulaciones de ning\u00fan tipo.<\/p>\n\n\n\n<p>Estar\u00e1n ellos por su parte dando la informaci\u00f3n a la ciudadan\u00eda y los familiares y la agencia har\u00e1 su dictamen para que se puedan dar a conocer los peritajes que est\u00e1n realizando y seguiremos informando\u201d, apunt\u00f3 Sheinbaum desde Palacio Nacional.<\/p>\n","protected":false},"excerpt":{"rendered":"<p>La presidenta de M\u00e9xico, Claudia Sheinbaum Pardo, asegur\u00f3 que todos los heridos y familiares de los fallecidos en el accidente del Tren Interoce\u00e1nico recibir\u00e1n una reparaci\u00f3n integral de da\u00f1os. Al iniciar su conferencia ma\u00f1anera, la mandataria, indic\u00f3 que la aseguradora del Tren Interoce\u00e1nico proceder\u00e1 primero y la Fiscal\u00eda General de la Rep\u00fablica (FGR) tambi\u00e9n tendr\u00e1 [&hellip;]<\/p>\n","protected":false},"author":1,"featured_media":73846,"comment_status":"open","ping_status":"open","sticky":false,"template":"","format":"standard","meta":{"om_disable_all_campaigns":false,"_monsterinsights_skip_tracking":false,"_monsterinsights_sitenote_active":false,"_monsterinsights_sitenote_note":"","_monsterinsights_sitenote_category":0,"footnotes":""},"categories":[176],"tags":[195],"class_list":["post-73845","post","type-post","status-publish","format-standard","has-post-thumbnail","hentry","category-nacional","tag-principal"],"amp_enabled":true,"_links":{"self":[{"href":"https:\/\/lahora.mx\/index.php\/wp-json\/wp\/v2\/posts\/73845","targetHints":{"allow":["GET"]}}],"collection":[{"href":"https:\/\/lahora.mx\/index.php\/wp-json\/wp\/v2\/posts"}],"about":[{"href":"https:\/\/lahora.mx\/index.php\/wp-json\/wp\/v2\/types\/post"}],"author":[{"embeddable":true,"href":"https:\/\/lahora.mx\/index.php\/wp-json\/wp\/v2\/users\/1"}],"replies":[{"embeddable":true,"href":"https:\/\/lahora.mx\/index.php\/wp-json\/wp\/v2\/comments?post=73845"}],"version-history":[{"count":1,"href":"https:\/\/lahora.mx\/index.php\/wp-json\/wp\/v2\/posts\/73845\/revisions"}],"predecessor-version":[{"id":73847,"href":"https:\/\/lahora.mx\/index.php\/wp-json\/wp\/v2\/posts\/73845\/revisions\/73847"}],"wp:featuredmedia":[{"embeddable":true,"href":"https:\/\/lahora.mx\/index.php\/wp-json\/wp\/v2\/media\/73846"}],"wp:attachment":[{"href":"https:\/\/lahora.mx\/index.php\/wp-json\/wp\/v2\/media?parent=73845"}],"wp:term":[{"taxonomy":"category","embeddable":true,"href":"https:\/\/lahora.mx\/index.php\/wp-json\/wp\/v2\/categories?post=73845"},{"taxonomy":"post_tag","embeddable":true,"href":"https:\/\/lahora.mx\/index.php\/wp-json\/wp\/v2\/tags?post=73845"}],"curies":[{"name":"wp","href":"https:\/\/api.w.org\/{rel}","templated":true}]}}