{"id":7383,"date":"2022-05-26T02:42:25","date_gmt":"2022-05-26T02:42:25","guid":{"rendered":"http:\/\/lahora.mx\/?p=7383"},"modified":"2022-05-26T02:42:26","modified_gmt":"2022-05-26T02:42:26","slug":"reportan-segundo-dia-mas-violento-del-sexenio-con-118-homicidios","status":"publish","type":"post","link":"https:\/\/lahora.mx\/index.php\/2022\/05\/26\/reportan-segundo-dia-mas-violento-del-sexenio-con-118-homicidios\/","title":{"rendered":"Reportan segundo d\u00eda m\u00e1s violento del sexenio con 118 homicidios"},"content":{"rendered":"\n<p>El&nbsp;<strong>reporte diario<\/strong>&nbsp;de la Secretar\u00eda de Seguridad y Protecci\u00f3n Ciudadana (<strong>SSPC<\/strong>) report\u00f3 ayer&nbsp;<strong>martes 24 de mayo<\/strong>&nbsp;como el&nbsp;<strong>d\u00eda m\u00e1s violento del a\u00f1o<\/strong>&nbsp;con&nbsp;<strong>118 homicidios dolosos<\/strong>, as\u00ed como el&nbsp;<strong>segundo del sexenio actual<\/strong>&nbsp;del presidente&nbsp;<strong>Andr\u00e9s Manuel L\u00f3pez Obrador<\/strong>.<\/p>\n\n\n\n<p>El reporte elaborado entre la SSPC, y las secretar\u00edas de Defensa (<strong>Sedena<\/strong>), Marina (<strong>Semar<\/strong>) y la Fiscal\u00eda General de la Rep\u00fablica (<strong>FGR<\/strong>) report\u00f3&nbsp;<strong>118 homicidios dolosos<\/strong>, convirti\u00e9ndose en la&nbsp;<strong>cifra m\u00e1s alta del a\u00f1o<\/strong>&nbsp;y coloc\u00e1ndolo&nbsp;<strong>detr\u00e1s del 1 de diciembre de 2019<\/strong>, el d\u00eda m\u00e1s violento del sexenio con&nbsp;<strong>127 asesinatos.<\/strong><\/p>\n\n\n\n<p>Los estados con\u00a0<strong>mayores casos<\/strong>\u00a0fueron:\u00a0<strong>Guanajuato\u00a0<\/strong>(19);\u00a0<strong>Estado de M\u00e9xico<\/strong>\u00a0(11);\u00a0<strong>Chihuahua, Morelos, Nuevo Le\u00f3n, Sonora<\/strong>\u00a0(7);\u00a0<strong>Ciudad de M\u00e9xico, Jalisco, Michoac\u00e1n, Baja California<\/strong>\u00a0(6).<\/p>\n\n\n\n<p>De acuerdo con el reporte del Secretariado Ejecutivo del Sistema Nacional de Seguridad P\u00fablica (<strong>SESNSP<\/strong>) de&nbsp;<strong>enero a abril de 2022<\/strong>&nbsp;se registraron&nbsp;<strong>9 mil 895 homicidios dolosos<\/strong>, un promedio diario de&nbsp;<strong>68 homicidios<\/strong>, mientras que se han&nbsp;<strong>acumulado m\u00e1s de 20 d\u00edas con m\u00e1s de 100 asesinatos<\/strong>&nbsp;<strong>en 24 horas.<\/strong><\/p>\n\n\n\n<p>Si bien esto signific\u00f3 una&nbsp;<strong>reducci\u00f3n del 12.86 por ciento<\/strong>&nbsp;respecto al mismo periodo del a\u00f1o anterior, la cifra se mantiene en niveles altos, dejando a&nbsp;<strong>marzo como el mes m\u00e1s violento<\/strong>&nbsp;del primer cuatrimestre con&nbsp;<strong>2 mil 182 homicidios dolosos<\/strong>.<\/p>\n\n\n\n<p>Sin embargo,&nbsp;<strong>mayo se encamina para ser el mes m\u00e1s violento<\/strong>&nbsp;en lo que va del a\u00f1o, pues en los 25 d\u00edas del presente mes<strong>&nbsp;se han acumulado un total de mil 980 v\u00edctimas,&nbsp;<\/strong>un promedio de&nbsp;<strong>82 muertes diarias<\/strong>.<\/p>\n","protected":false},"excerpt":{"rendered":"<p>El&nbsp;reporte diario&nbsp;de la Secretar\u00eda de Seguridad y Protecci\u00f3n Ciudadana (SSPC) report\u00f3 ayer&nbsp;martes 24 de mayo&nbsp;como el&nbsp;d\u00eda m\u00e1s violento del a\u00f1o&nbsp;con&nbsp;118 homicidios dolosos, as\u00ed como el&nbsp;segundo del sexenio actual&nbsp;del presidente&nbsp;Andr\u00e9s Manuel L\u00f3pez Obrador. El reporte elaborado entre la SSPC, y las secretar\u00edas de Defensa (Sedena), Marina (Semar) y la Fiscal\u00eda General de la Rep\u00fablica (FGR) report\u00f3&nbsp;118 [&hellip;]<\/p>\n","protected":false},"author":4,"featured_media":7384,"comment_status":"open","ping_status":"open","sticky":false,"template":"","format":"standard","meta":{"om_disable_all_campaigns":false,"_monsterinsights_skip_tracking":false,"_monsterinsights_sitenote_active":false,"_monsterinsights_sitenote_note":"","_monsterinsights_sitenote_category":0,"footnotes":""},"categories":[176],"tags":[195],"class_list":["post-7383","post","type-post","status-publish","format-standard","has-post-thumbnail","hentry","category-nacional","tag-principal"],"amp_enabled":true,"_links":{"self":[{"href":"https:\/\/lahora.mx\/index.php\/wp-json\/wp\/v2\/posts\/7383","targetHints":{"allow":["GET"]}}],"collection":[{"href":"https:\/\/lahora.mx\/index.php\/wp-json\/wp\/v2\/posts"}],"about":[{"href":"https:\/\/lahora.mx\/index.php\/wp-json\/wp\/v2\/types\/post"}],"author":[{"embeddable":true,"href":"https:\/\/lahora.mx\/index.php\/wp-json\/wp\/v2\/users\/4"}],"replies":[{"embeddable":true,"href":"https:\/\/lahora.mx\/index.php\/wp-json\/wp\/v2\/comments?post=7383"}],"version-history":[{"count":1,"href":"https:\/\/lahora.mx\/index.php\/wp-json\/wp\/v2\/posts\/7383\/revisions"}],"predecessor-version":[{"id":7385,"href":"https:\/\/lahora.mx\/index.php\/wp-json\/wp\/v2\/posts\/7383\/revisions\/7385"}],"wp:featuredmedia":[{"embeddable":true,"href":"https:\/\/lahora.mx\/index.php\/wp-json\/wp\/v2\/media\/7384"}],"wp:attachment":[{"href":"https:\/\/lahora.mx\/index.php\/wp-json\/wp\/v2\/media?parent=7383"}],"wp:term":[{"taxonomy":"category","embeddable":true,"href":"https:\/\/lahora.mx\/index.php\/wp-json\/wp\/v2\/categories?post=7383"},{"taxonomy":"post_tag","embeddable":true,"href":"https:\/\/lahora.mx\/index.php\/wp-json\/wp\/v2\/tags?post=7383"}],"curies":[{"name":"wp","href":"https:\/\/api.w.org\/{rel}","templated":true}]}}