{"id":73801,"date":"2025-12-30T01:14:02","date_gmt":"2025-12-30T01:14:02","guid":{"rendered":"https:\/\/lahora.mx\/?p=73801"},"modified":"2025-12-30T01:14:03","modified_gmt":"2025-12-30T01:14:03","slug":"alertan-en-puebla-por-frente-frio-numero-25-preven-lluvias-fuertes-y-temperaturas-gelidas","status":"publish","type":"post","link":"https:\/\/lahora.mx\/index.php\/2025\/12\/30\/alertan-en-puebla-por-frente-frio-numero-25-preven-lluvias-fuertes-y-temperaturas-gelidas\/","title":{"rendered":"Alertan en Puebla por frente fr\u00edo n\u00famero 25: prev\u00e9n lluvias fuertes y temperaturas g\u00e9lidas"},"content":{"rendered":"\n<p>El Gobierno del Estado, a trav\u00e9s de la Coordinaci\u00f3n General de Protecci\u00f3n Civil, emiti\u00f3 un aviso de vigilancia ante el ingreso del Frente Fr\u00edo n\u00famero 25, el cual se espera que afecte de manera significativa diversas regiones de la entidad en las pr\u00f3ximas horas.<\/p>\n\n\n\n<p>De acuerdo con el monitoreo meteorol\u00f3gico, la interacci\u00f3n del frente con una masa de aire \u00e1rtico provocar\u00e1 precipitaciones de moderada a fuerte intensidad, concentr\u00e1ndose principalmente en la Sierra Norte y la Sierra Nororiental.<br><br>Estas condiciones podr\u00edan incrementar el riesgo de deslaves o encharcamientos en zonas vulnerables.<\/p>\n\n\n\n<p>Las autoridades advirtieron que el descenso m\u00e1s severo de temperatura se registrar\u00e1 en las comunidades asentadas en zonas altas y en los municipios aleda\u00f1os a la regi\u00f3n de los volcanes, donde el term\u00f3metro podr\u00eda alcanzar niveles cr\u00edticos durante la madrugada y las primeras horas de la ma\u00f1ana.<\/p>\n\n\n\n<p>Ante este panorama, se ha activado una estrategia de coordinaci\u00f3n interinstitucional que involucra a los tres \u00f3rdenes de gobierno (federal, estatal y municipal).<\/p>\n\n\n\n<p>El objetivo es garantizar una respuesta inmediata ante posibles contingencias derivadas del clima invernal y salvaguardar la integridad de las y los poblanos.<\/p>\n\n\n\n<p>Se recomienda a la poblaci\u00f3n mantenerse informada a trav\u00e9s de canales oficiales, extremar precauciones al conducir en zonas de neblina y protegerse adecuadamente ante las bajas temperaturas para evitar enfermedades respiratorias.<\/p>\n","protected":false},"excerpt":{"rendered":"<p>El Gobierno del Estado, a trav\u00e9s de la Coordinaci\u00f3n General de Protecci\u00f3n Civil, emiti\u00f3 un aviso de vigilancia ante el ingreso del Frente Fr\u00edo n\u00famero 25, el cual se espera que afecte de manera significativa diversas regiones de la entidad en las pr\u00f3ximas horas. De acuerdo con el monitoreo meteorol\u00f3gico, la interacci\u00f3n del frente con [&hellip;]<\/p>\n","protected":false},"author":1,"featured_media":73802,"comment_status":"open","ping_status":"open","sticky":false,"template":"","format":"standard","meta":{"om_disable_all_campaigns":false,"_monsterinsights_skip_tracking":false,"_monsterinsights_sitenote_active":false,"_monsterinsights_sitenote_note":"","_monsterinsights_sitenote_category":0,"footnotes":""},"categories":[175],"tags":[195,223],"class_list":["post-73801","post","type-post","status-publish","format-standard","has-post-thumbnail","hentry","category-local","tag-principal","tag-puebla"],"amp_enabled":true,"_links":{"self":[{"href":"https:\/\/lahora.mx\/index.php\/wp-json\/wp\/v2\/posts\/73801","targetHints":{"allow":["GET"]}}],"collection":[{"href":"https:\/\/lahora.mx\/index.php\/wp-json\/wp\/v2\/posts"}],"about":[{"href":"https:\/\/lahora.mx\/index.php\/wp-json\/wp\/v2\/types\/post"}],"author":[{"embeddable":true,"href":"https:\/\/lahora.mx\/index.php\/wp-json\/wp\/v2\/users\/1"}],"replies":[{"embeddable":true,"href":"https:\/\/lahora.mx\/index.php\/wp-json\/wp\/v2\/comments?post=73801"}],"version-history":[{"count":1,"href":"https:\/\/lahora.mx\/index.php\/wp-json\/wp\/v2\/posts\/73801\/revisions"}],"predecessor-version":[{"id":73803,"href":"https:\/\/lahora.mx\/index.php\/wp-json\/wp\/v2\/posts\/73801\/revisions\/73803"}],"wp:featuredmedia":[{"embeddable":true,"href":"https:\/\/lahora.mx\/index.php\/wp-json\/wp\/v2\/media\/73802"}],"wp:attachment":[{"href":"https:\/\/lahora.mx\/index.php\/wp-json\/wp\/v2\/media?parent=73801"}],"wp:term":[{"taxonomy":"category","embeddable":true,"href":"https:\/\/lahora.mx\/index.php\/wp-json\/wp\/v2\/categories?post=73801"},{"taxonomy":"post_tag","embeddable":true,"href":"https:\/\/lahora.mx\/index.php\/wp-json\/wp\/v2\/tags?post=73801"}],"curies":[{"name":"wp","href":"https:\/\/api.w.org\/{rel}","templated":true}]}}