{"id":7380,"date":"2022-05-26T02:29:07","date_gmt":"2022-05-26T02:29:07","guid":{"rendered":"http:\/\/lahora.mx\/?p=7380"},"modified":"2022-05-26T02:29:08","modified_gmt":"2022-05-26T02:29:08","slug":"podria-llegar-a-mexico-la-viruela-del-mono-pero-no-es-grave","status":"publish","type":"post","link":"https:\/\/lahora.mx\/index.php\/2022\/05\/26\/podria-llegar-a-mexico-la-viruela-del-mono-pero-no-es-grave\/","title":{"rendered":"Podr\u00eda llegar a M\u00e9xico la Viruela del Mono pero no es grave"},"content":{"rendered":"\n<p>Expertos de la<strong>&nbsp;UNAM&nbsp;<\/strong>consideraron que si bien&nbsp;<strong>existe riesgo<\/strong>&nbsp;de que la&nbsp;<strong>viruela del mono llegue a M\u00e9xico<\/strong>&nbsp;<strong>no hay condiciones naturales en el pa\u00eds&nbsp;<\/strong>para que se pueda propagar. A su vez, el Comit\u00e9 Nacional para la Vigilancia Epidemiol\u00f3gica (<strong>Conave<\/strong>)&nbsp;<strong>descart\u00f3 contagios en el pa\u00eds<\/strong>.<\/p>\n\n\n\n<p><strong>Francisco Monroy L\u00f3pez<\/strong>, experto del Departamento de Medicina Preventiva y Salud P\u00fablica de la UNAM, se\u00f1al\u00f3 que&nbsp;<strong>no hay motivo para preocuparse<\/strong>&nbsp;por la eventual&nbsp;<strong>llegada del virus a M\u00e9xico<\/strong>, pues&nbsp;<strong>no hay condiciones naturales en el pa\u00eds para que prospere<\/strong>, al&nbsp;<strong>no haber especies animales que sean su reservorio<\/strong>.<\/p>\n\n\n\n<p>Detall\u00f3 que la probabilidad de que se&nbsp;<strong>disemine<\/strong>&nbsp;depender\u00e1 de la&nbsp;<strong>oportunidad con que se reporte<\/strong>, del&nbsp;<strong>conocimiento m\u00e9dico<\/strong>, as\u00ed como de las&nbsp;<strong>pol\u00edticas que establezca la autoridad<\/strong>, pues si bien los&nbsp;<strong>virus son bastante estables<\/strong>, es posible que se hayan&nbsp;<strong>adaptado a nuevas condiciones<\/strong>.<\/p>\n\n\n\n<p>Se\u00f1al\u00f3 que los&nbsp;<strong>tres factores<\/strong>&nbsp;por los cuales una&nbsp;<strong>enfermedad se presenta en condiciones que no ten\u00eda<\/strong>&nbsp;antes:&nbsp;<strong>virus adaptado<\/strong>&nbsp;a diferentes situaciones,&nbsp;<strong>individuos susceptibles<\/strong>&nbsp;y&nbsp;<strong>circunstancias favorables del ambiente<\/strong>.<\/p>\n\n\n\n<p>Asimismo, advirti\u00f3 que el&nbsp;<strong>comercio ilegal de especies ex\u00f3ticas<\/strong>&nbsp;a escala internacional podr\u00eda producir infecciones, pues la&nbsp;<strong>forma natural<\/strong>&nbsp;de adquirir el virus es por&nbsp;<strong>contacto con los reservorios<\/strong>, los cuales suelen ser&nbsp;<strong>roedores<\/strong>&nbsp;o&nbsp;<strong>animales end\u00e9micos<\/strong>.<\/p>\n\n\n\n<p>Respecto al&nbsp;<strong>tratamiento&nbsp;<\/strong>contra el virus mencion\u00f3 que por el momento&nbsp;<strong>no existe uno en espec\u00edfico<\/strong>, aunque ya se&nbsp;<strong>est\u00e1n probando varios antivirales<\/strong>, por lo que en caso de un&nbsp;<strong>brote de mayor magnitud<\/strong>&nbsp;(lo cual consider\u00f3 poco probable), \u00e9ste deber\u00e1 ser&nbsp;<strong>tratado con vacunas contra la viruela humana<\/strong>&nbsp;que se pueden fabricar de forma masiva.<\/p>\n\n\n\n<p>Finalmente, recomend\u00f3 a quienes&nbsp;<strong>viajen a pa\u00edses donde se han presentado casos<\/strong>, tomar&nbsp;<strong>precauciones y evitar el contacto<\/strong>&nbsp;con otras personas, aplicando las medidas aprendidas del Covid-19: usar cubrebocas, lavado de manos y sana distancia<\/p>\n\n\n\n<p><strong>Comit\u00e9 epidemiol\u00f3gico emite alerta<\/strong><\/p>\n\n\n\n<p>El Comit\u00e9 Nacional para la Vigilancia Epidemiol\u00f3gica (<strong>Conave<\/strong>) inform\u00f3 que hasta el momento&nbsp;<strong>M\u00e9xico no ha reportado casos&nbsp;<\/strong>de Viruela del Mono, sin embargo,&nbsp;<strong>lanz\u00f3 una alerta<\/strong>&nbsp;a todas las unidades pues hasta la fecha hay&nbsp;<strong>casos activos y sospechosos en 12 pa\u00edses<\/strong>.<\/p>\n\n\n\n<p>Pese a la negativa en casos, la Conave se\u00f1al\u00f3 que&nbsp;<strong>no hay restricciones de viaje recomendadas<\/strong>, pero inform\u00f3 a las unidades m\u00e9dicas de primer, segundo y tercer nivel de atenci\u00f3n, as\u00ed como a las Unidades de Vigilancia Epidemiol\u00f3gica Hospitalaria (<strong>UVEH<\/strong>), y la Red Nacional de Laboratorios de Salud P\u00fablica (<strong>RNLSP<\/strong>), estar&nbsp;<strong>atentos ante cualquier caso sospechoso<\/strong>.<\/p>\n\n\n\n<p>Advirti\u00f3 que el&nbsp;<strong>per\u00edodo de incubaci\u00f3n<\/strong>&nbsp;es de&nbsp;<strong>cinco a 21 d\u00edas<\/strong>&nbsp;para un cuadro cl\u00ednico, aunque la&nbsp;<strong>enfermedad sintom\u00e1tica<\/strong>&nbsp;cursa&nbsp;<strong>dos periodos<\/strong>&nbsp;cl\u00ednicos:<\/p>\n\n\n\n<p>El&nbsp;<strong>prodr\u00f3mico&nbsp;<\/strong>(primeros cinco d\u00edas), caracterizado por fiebre, cefalea intensa, linfadenopat\u00eda, lumbalgia, mialgias y astenia; y el de&nbsp;<strong>erupci\u00f3n cut\u00e1nea<\/strong>&nbsp;(entre los d\u00edas uno y tres despu\u00e9s del inicio de la fiebre), aparecen las distintas fases del exantema que, por lo general,&nbsp;<strong>afecta primero la cara<\/strong>&nbsp;y posteriormente se extiende al&nbsp;<strong>resto del cuerpo<\/strong>.<\/p>\n","protected":false},"excerpt":{"rendered":"<p>Expertos de la&nbsp;UNAM&nbsp;consideraron que si bien&nbsp;existe riesgo&nbsp;de que la&nbsp;viruela del mono llegue a M\u00e9xico&nbsp;no hay condiciones naturales en el pa\u00eds&nbsp;para que se pueda propagar. A su vez, el Comit\u00e9 Nacional para la Vigilancia Epidemiol\u00f3gica (Conave)&nbsp;descart\u00f3 contagios en el pa\u00eds. Francisco Monroy L\u00f3pez, experto del Departamento de Medicina Preventiva y Salud P\u00fablica de la UNAM, se\u00f1al\u00f3 [&hellip;]<\/p>\n","protected":false},"author":4,"featured_media":7381,"comment_status":"open","ping_status":"open","sticky":false,"template":"","format":"standard","meta":{"om_disable_all_campaigns":false,"_monsterinsights_skip_tracking":false,"_monsterinsights_sitenote_active":false,"_monsterinsights_sitenote_note":"","_monsterinsights_sitenote_category":0,"footnotes":""},"categories":[176],"tags":[],"class_list":["post-7380","post","type-post","status-publish","format-standard","has-post-thumbnail","hentry","category-nacional"],"amp_enabled":true,"_links":{"self":[{"href":"https:\/\/lahora.mx\/index.php\/wp-json\/wp\/v2\/posts\/7380","targetHints":{"allow":["GET"]}}],"collection":[{"href":"https:\/\/lahora.mx\/index.php\/wp-json\/wp\/v2\/posts"}],"about":[{"href":"https:\/\/lahora.mx\/index.php\/wp-json\/wp\/v2\/types\/post"}],"author":[{"embeddable":true,"href":"https:\/\/lahora.mx\/index.php\/wp-json\/wp\/v2\/users\/4"}],"replies":[{"embeddable":true,"href":"https:\/\/lahora.mx\/index.php\/wp-json\/wp\/v2\/comments?post=7380"}],"version-history":[{"count":1,"href":"https:\/\/lahora.mx\/index.php\/wp-json\/wp\/v2\/posts\/7380\/revisions"}],"predecessor-version":[{"id":7382,"href":"https:\/\/lahora.mx\/index.php\/wp-json\/wp\/v2\/posts\/7380\/revisions\/7382"}],"wp:featuredmedia":[{"embeddable":true,"href":"https:\/\/lahora.mx\/index.php\/wp-json\/wp\/v2\/media\/7381"}],"wp:attachment":[{"href":"https:\/\/lahora.mx\/index.php\/wp-json\/wp\/v2\/media?parent=7380"}],"wp:term":[{"taxonomy":"category","embeddable":true,"href":"https:\/\/lahora.mx\/index.php\/wp-json\/wp\/v2\/categories?post=7380"},{"taxonomy":"post_tag","embeddable":true,"href":"https:\/\/lahora.mx\/index.php\/wp-json\/wp\/v2\/tags?post=7380"}],"curies":[{"name":"wp","href":"https:\/\/api.w.org\/{rel}","templated":true}]}}