{"id":7377,"date":"2022-05-26T02:23:44","date_gmt":"2022-05-26T02:23:44","guid":{"rendered":"http:\/\/lahora.mx\/?p=7377"},"modified":"2022-05-26T02:23:45","modified_gmt":"2022-05-26T02:23:45","slug":"reporta-sismologico-nacional-sismo-de-5-8-grados","status":"publish","type":"post","link":"https:\/\/lahora.mx\/index.php\/2022\/05\/26\/reporta-sismologico-nacional-sismo-de-5-8-grados\/","title":{"rendered":"Reporta Sismol\u00f3gico Nacional sismo de 5.8 grados"},"content":{"rendered":"\n<p>El Sismol\u00f3gico Nacional report\u00f3 un sismo de magnitud preliminar de\u00a0<strong>5.8 grados en Oaxaca<\/strong>.<\/p>\n\n\n\n<p>Hasta el momento, la alerta no ha sido activada en los altavoces de la Ciudad deM\u00e9xico ni en sus alrededores; sin embargo, se report\u00f3 que se activ\u00f3 en tel\u00e9fonos celulares.<br>Luego de unos minutos, el Sismol\u00f3gico Nacional ajust\u00f3 la magnitud del sismo a 5.5\u00a0al Noreste de Crucecita, Oaxaca.\u00a0<br>El\u00a0Centro de Comando, Control, C\u00f3mputo, Comunicaciones y Contacto Ciudadano de la Ciudad de M\u00e9xico indic\u00f3 que, de acuerdo con la informaci\u00f3n del Sismol\u00f3gico Nacional, el sismo detectado\u00a0<strong>no amerti\u00f3 la activaci\u00f3n de los altavoces\u00a0<\/strong>con la Alerta S\u00edsmica\u00a0en la capital.\u00a0<br>El secretario de Seguridad Ciudadana, Omar Grac\u00eda Harfuch, inform\u00f3 que\u00a0<strong>cinco helic\u00f3pteros c\u00f3ndores sobrevuelan la ciudad\u00a0<\/strong>para evaluar posibles da\u00f1os por el sismo de 5.8 grados con epicentro en las costas de Oaxaca<br><\/p>\n\n\n\n<p>La Jefa de Gobierno de la Ciudad de M\u00e9xico, Claudia Sheinbaum, inform\u00f3 que se registr\u00f3 un sismo con leve percepci\u00f3n en la capital del pa\u00eds, pero que la magnitud no amerit\u00f3 la activaci\u00f3n de la alerta s\u00edsmica.<\/p>\n\n\n\n<p>\u00abMe informa el @C5_CDMX que la magnitud no amerit\u00f3 activaci\u00f3n de la alerta s\u00edsmica en la Ciudad de M\u00e9xico. Se activan protocolos\u00bb.<br><\/p>\n\n\n\n<p>Tras el reporte de sismo, el STC Metro inform\u00f3 que todas las estaciones contin\u00faan operando con normalidad y que el avance de los trenes es cont\u00ednuo.&nbsp;&nbsp;&nbsp;<\/p>\n\n\n\n<p>\u00ab#AvisoMetro: Despu\u00e9s del sismo perceptible levemente, todas las estaciones de la red se encuentran ofreciendo servicio y operando con normalidad. El avance de los trenes es continuo. #MovilidadCDMX\u00bb.\u00a0<br><\/p>\n\n\n\n<p>Por su parte, el Metrob\u00fas inform\u00f3 que se realiz\u00f3 un protocolo de seguridad y que las l\u00edneas operan con normalidad.&nbsp;<\/p>\n\n\n\n<p>\u00abDespu\u00e9s de realizar protocolo de revisi\u00f3n por sismo, informamos que todas nuestras l\u00edneas operan con normalidad\u00bb.\u00a0<br><\/p>\n","protected":false},"excerpt":{"rendered":"<p>El Sismol\u00f3gico Nacional report\u00f3 un sismo de magnitud preliminar de\u00a05.8 grados en Oaxaca. Hasta el momento, la alerta no ha sido activada en los altavoces de la Ciudad deM\u00e9xico ni en sus alrededores; sin embargo, se report\u00f3 que se activ\u00f3 en tel\u00e9fonos celulares.Luego de unos minutos, el Sismol\u00f3gico Nacional ajust\u00f3 la magnitud del sismo a [&hellip;]<\/p>\n","protected":false},"author":4,"featured_media":7378,"comment_status":"open","ping_status":"open","sticky":false,"template":"","format":"standard","meta":{"om_disable_all_campaigns":false,"_monsterinsights_skip_tracking":false,"_monsterinsights_sitenote_active":false,"_monsterinsights_sitenote_note":"","_monsterinsights_sitenote_category":0,"footnotes":""},"categories":[176],"tags":[195],"class_list":["post-7377","post","type-post","status-publish","format-standard","has-post-thumbnail","hentry","category-nacional","tag-principal"],"amp_enabled":true,"_links":{"self":[{"href":"https:\/\/lahora.mx\/index.php\/wp-json\/wp\/v2\/posts\/7377","targetHints":{"allow":["GET"]}}],"collection":[{"href":"https:\/\/lahora.mx\/index.php\/wp-json\/wp\/v2\/posts"}],"about":[{"href":"https:\/\/lahora.mx\/index.php\/wp-json\/wp\/v2\/types\/post"}],"author":[{"embeddable":true,"href":"https:\/\/lahora.mx\/index.php\/wp-json\/wp\/v2\/users\/4"}],"replies":[{"embeddable":true,"href":"https:\/\/lahora.mx\/index.php\/wp-json\/wp\/v2\/comments?post=7377"}],"version-history":[{"count":1,"href":"https:\/\/lahora.mx\/index.php\/wp-json\/wp\/v2\/posts\/7377\/revisions"}],"predecessor-version":[{"id":7379,"href":"https:\/\/lahora.mx\/index.php\/wp-json\/wp\/v2\/posts\/7377\/revisions\/7379"}],"wp:featuredmedia":[{"embeddable":true,"href":"https:\/\/lahora.mx\/index.php\/wp-json\/wp\/v2\/media\/7378"}],"wp:attachment":[{"href":"https:\/\/lahora.mx\/index.php\/wp-json\/wp\/v2\/media?parent=7377"}],"wp:term":[{"taxonomy":"category","embeddable":true,"href":"https:\/\/lahora.mx\/index.php\/wp-json\/wp\/v2\/categories?post=7377"},{"taxonomy":"post_tag","embeddable":true,"href":"https:\/\/lahora.mx\/index.php\/wp-json\/wp\/v2\/tags?post=7377"}],"curies":[{"name":"wp","href":"https:\/\/api.w.org\/{rel}","templated":true}]}}