{"id":73762,"date":"2025-12-29T14:56:09","date_gmt":"2025-12-29T14:56:09","guid":{"rendered":"https:\/\/lahora.mx\/?p=73762"},"modified":"2025-12-29T14:56:10","modified_gmt":"2025-12-29T14:56:10","slug":"sheinbaum-anuncia-acciones-ante-el-descarrilamiento-del-tren-interoceanico","status":"publish","type":"post","link":"https:\/\/lahora.mx\/index.php\/2025\/12\/29\/sheinbaum-anuncia-acciones-ante-el-descarrilamiento-del-tren-interoceanico\/","title":{"rendered":"Sheinbaum anuncia acciones ante el descarrilamiento del Tren Interoce\u00e1nico"},"content":{"rendered":"\n<p>Durante la conferencia matutina que encabeza la presidenta de M\u00e9xico, Claudia Sheinbaum Pardo, de este lunes 29 de diciembre, se dio a conocer que en el accidente del Tren Interoce\u00e1nico provoc\u00f3, hasta el momento y con base en cifras oficiales, 13 personas fallecidas, mientras que 70 m\u00e1s habr\u00edan sido trasladadas a diferentes hospitales.<\/p>\n\n\n\n<p>Se har\u00e1 la evaluaci\u00f3n t\u00e9cnica del siniestro, a trav\u00e9s de la caja negra del tren lo que proporcionar\u00e1 informaci\u00f3n m\u00e1s precisa.<br><br>Para las labores de b\u00fasqueda y rescate se ha desplegado un operativo compuesto por autoridades de los tres niveles de Gobierno, as\u00ed como del sector salud, quienes realizar\u00e1n distintas actualizaciones sobre el estado de las personas que resultaron lesionadas.<\/p>\n\n\n\n<p>La operaci\u00f3n del ferrocarril cuenta con un veh\u00edculo de doble uso camioneta exploradora, que funciona como veh\u00edculo terrestre que circula sobre las v\u00edas para verificar que las v\u00edas se encuentren en buenas condiciones para la circulaci\u00f3n del tren.<\/p>\n\n\n\n<p>El accidente ocurri\u00f3 en la L\u00ednea Z del Tren Interoce\u00e1nico que va de Coatzacoalcos, en Veracruz, a Salina Cruz en Oaxaca. La Marina dijo que en el tren iban 241 pasajeros y nueve tripulantes.<\/p>\n\n\n\n<p>Por su parte la presidenta Claudia Sheinbaum coment\u00f3 que hay dos prioridades: la atenci\u00f3n para las familias de las v\u00edctimas que est\u00e1 garantizada, tambi\u00e9n se busca esclarecer la causa del accidente para poder informar que fue lo que provoc\u00f3 el accidente, a trav\u00e9s de un an\u00e1lisis riguroso.<\/p>\n","protected":false},"excerpt":{"rendered":"<p>Durante la conferencia matutina que encabeza la presidenta de M\u00e9xico, Claudia Sheinbaum Pardo, de este lunes 29 de diciembre, se dio a conocer que en el accidente del Tren Interoce\u00e1nico provoc\u00f3, hasta el momento y con base en cifras oficiales, 13 personas fallecidas, mientras que 70 m\u00e1s habr\u00edan sido trasladadas a diferentes hospitales. Se har\u00e1 [&hellip;]<\/p>\n","protected":false},"author":1,"featured_media":73763,"comment_status":"open","ping_status":"open","sticky":false,"template":"","format":"standard","meta":{"om_disable_all_campaigns":false,"_monsterinsights_skip_tracking":false,"_monsterinsights_sitenote_active":false,"_monsterinsights_sitenote_note":"","_monsterinsights_sitenote_category":0,"footnotes":""},"categories":[176],"tags":[],"class_list":["post-73762","post","type-post","status-publish","format-standard","has-post-thumbnail","hentry","category-nacional"],"amp_enabled":true,"_links":{"self":[{"href":"https:\/\/lahora.mx\/index.php\/wp-json\/wp\/v2\/posts\/73762","targetHints":{"allow":["GET"]}}],"collection":[{"href":"https:\/\/lahora.mx\/index.php\/wp-json\/wp\/v2\/posts"}],"about":[{"href":"https:\/\/lahora.mx\/index.php\/wp-json\/wp\/v2\/types\/post"}],"author":[{"embeddable":true,"href":"https:\/\/lahora.mx\/index.php\/wp-json\/wp\/v2\/users\/1"}],"replies":[{"embeddable":true,"href":"https:\/\/lahora.mx\/index.php\/wp-json\/wp\/v2\/comments?post=73762"}],"version-history":[{"count":1,"href":"https:\/\/lahora.mx\/index.php\/wp-json\/wp\/v2\/posts\/73762\/revisions"}],"predecessor-version":[{"id":73764,"href":"https:\/\/lahora.mx\/index.php\/wp-json\/wp\/v2\/posts\/73762\/revisions\/73764"}],"wp:featuredmedia":[{"embeddable":true,"href":"https:\/\/lahora.mx\/index.php\/wp-json\/wp\/v2\/media\/73763"}],"wp:attachment":[{"href":"https:\/\/lahora.mx\/index.php\/wp-json\/wp\/v2\/media?parent=73762"}],"wp:term":[{"taxonomy":"category","embeddable":true,"href":"https:\/\/lahora.mx\/index.php\/wp-json\/wp\/v2\/categories?post=73762"},{"taxonomy":"post_tag","embeddable":true,"href":"https:\/\/lahora.mx\/index.php\/wp-json\/wp\/v2\/tags?post=73762"}],"curies":[{"name":"wp","href":"https:\/\/api.w.org\/{rel}","templated":true}]}}