{"id":73740,"date":"2025-12-29T01:27:33","date_gmt":"2025-12-29T01:27:33","guid":{"rendered":"https:\/\/lahora.mx\/?p=73740"},"modified":"2025-12-29T01:27:34","modified_gmt":"2025-12-29T01:27:34","slug":"ayuntamiento-de-puebla-emite-recomendaciones-para-prevenir-enfermedades-respiratorias","status":"publish","type":"post","link":"https:\/\/lahora.mx\/index.php\/2025\/12\/29\/ayuntamiento-de-puebla-emite-recomendaciones-para-prevenir-enfermedades-respiratorias\/","title":{"rendered":"Ayuntamiento de Puebla emite recomendaciones para prevenir enfermedades respiratorias"},"content":{"rendered":"\n<p>El Gobierno de la Ciudad, a trav\u00e9s de la Secretar\u00eda Gesti\u00f3n y Desarrollo Urbano, emite medidas preventivas para reducir riesgos durante esta temporada invernal. Las bajas temperaturas incrementan la posibilidad de enfermedades respiratorias, por lo que se recomienda mantener ventanas, puertas y dormitorios en buen estado, con sellos adecuados que ayuden a conservar el calor sin impedir la ventilaci\u00f3n. Una correcta circulaci\u00f3n de aire es esencial para evitar humedad excesiva, acumulaci\u00f3n de gases y la propagaci\u00f3n de virus.<\/p>\n\n\n\n<p>La Direcci\u00f3n de Gesti\u00f3n de Riesgos en Materia de Protecci\u00f3n Civil, informa que en esta \u00e9poca es frecuente el uso de calentadores y chimeneas; sin embargo, un manejo inadecuado puede provocar incendios o intoxicaciones por mon\u00f3xido de carbono. Antes de utilizar cualquier equipo, es importante revisar que no tenga cables da\u00f1ados ni acumulaci\u00f3n de polvo en rejillas, parrillas o bobinas, ya que estos factores pueden generar sobrecalentamiento o fallas. Los calentadores el\u00e9ctricos no deben colocarse en sitios h\u00famedos como ba\u00f1os o cocinas, ni cerca de papel, cart\u00f3n o telas. Adem\u00e1s, deben mantenerse bajo supervisi\u00f3n constante y nunca dejarse encendidos dentro de dormitorios.<br>Para evitar intoxicaciones, se recomienda no utilizar braseros, hornos o estufas para calentar la casa, no dormir cerca de ning\u00fan tipo de calentador y ventilar adecuadamente los espacios con equipos de combusti\u00f3n. El mon\u00f3xido de carbono es un gas sin color ni olor que puede causar mareos, desorientaci\u00f3n o incluso la muerte, por lo que resulta indispensable asegurarse de que las rejillas de ventilaci\u00f3n no est\u00e9n obstruidas y seguir siempre las instrucciones de uso y mantenimiento de cada aparato.<\/p>\n\n\n\n<p>El Gobierno de la Ciudad que encabeza el presidente municipal, Pepe Chedraui Budib, reitera su compromiso con la seguridad y bienestar de todas las familias poblanas. Adoptar estas medidas permite prevenir accidentes y proteger la salud durante la temporada de fr\u00edo. Se invita a la ciudadan\u00eda a mantenerse informada a trav\u00e9s de los canales oficiales de Protecci\u00f3n Civil y a actuar con responsabilidad para reducir riesgos en los hogares.<\/p>\n","protected":false},"excerpt":{"rendered":"<p>El Gobierno de la Ciudad, a trav\u00e9s de la Secretar\u00eda Gesti\u00f3n y Desarrollo Urbano, emite medidas preventivas para reducir riesgos durante esta temporada invernal. Las bajas temperaturas incrementan la posibilidad de enfermedades respiratorias, por lo que se recomienda mantener ventanas, puertas y dormitorios en buen estado, con sellos adecuados que ayuden a conservar el calor [&hellip;]<\/p>\n","protected":false},"author":1,"featured_media":73741,"comment_status":"open","ping_status":"open","sticky":false,"template":"","format":"standard","meta":{"om_disable_all_campaigns":false,"_monsterinsights_skip_tracking":false,"_monsterinsights_sitenote_active":false,"_monsterinsights_sitenote_note":"","_monsterinsights_sitenote_category":0,"footnotes":""},"categories":[175],"tags":[223],"class_list":["post-73740","post","type-post","status-publish","format-standard","has-post-thumbnail","hentry","category-local","tag-puebla"],"amp_enabled":true,"_links":{"self":[{"href":"https:\/\/lahora.mx\/index.php\/wp-json\/wp\/v2\/posts\/73740","targetHints":{"allow":["GET"]}}],"collection":[{"href":"https:\/\/lahora.mx\/index.php\/wp-json\/wp\/v2\/posts"}],"about":[{"href":"https:\/\/lahora.mx\/index.php\/wp-json\/wp\/v2\/types\/post"}],"author":[{"embeddable":true,"href":"https:\/\/lahora.mx\/index.php\/wp-json\/wp\/v2\/users\/1"}],"replies":[{"embeddable":true,"href":"https:\/\/lahora.mx\/index.php\/wp-json\/wp\/v2\/comments?post=73740"}],"version-history":[{"count":1,"href":"https:\/\/lahora.mx\/index.php\/wp-json\/wp\/v2\/posts\/73740\/revisions"}],"predecessor-version":[{"id":73742,"href":"https:\/\/lahora.mx\/index.php\/wp-json\/wp\/v2\/posts\/73740\/revisions\/73742"}],"wp:featuredmedia":[{"embeddable":true,"href":"https:\/\/lahora.mx\/index.php\/wp-json\/wp\/v2\/media\/73741"}],"wp:attachment":[{"href":"https:\/\/lahora.mx\/index.php\/wp-json\/wp\/v2\/media?parent=73740"}],"wp:term":[{"taxonomy":"category","embeddable":true,"href":"https:\/\/lahora.mx\/index.php\/wp-json\/wp\/v2\/categories?post=73740"},{"taxonomy":"post_tag","embeddable":true,"href":"https:\/\/lahora.mx\/index.php\/wp-json\/wp\/v2\/tags?post=73740"}],"curies":[{"name":"wp","href":"https:\/\/api.w.org\/{rel}","templated":true}]}}