{"id":73737,"date":"2025-12-29T01:25:01","date_gmt":"2025-12-29T01:25:01","guid":{"rendered":"https:\/\/lahora.mx\/?p=73737"},"modified":"2025-12-29T01:25:02","modified_gmt":"2025-12-29T01:25:02","slug":"gobierno-federal-realizara-censo-nacional-de-menores-en-situacion-de-calle","status":"publish","type":"post","link":"https:\/\/lahora.mx\/index.php\/2025\/12\/29\/gobierno-federal-realizara-censo-nacional-de-menores-en-situacion-de-calle\/","title":{"rendered":"Gobierno federal realizar\u00e1 censo nacional de menores en situaci\u00f3n de calle"},"content":{"rendered":"\n<p>El gobierno federal anunci\u00f3 la puesta en marcha de un censo nacional de ni\u00f1as, ni\u00f1os y adolescentes en situaci\u00f3n de calle en las 32 entidades del pa\u00eds, con el prop\u00f3sito de identificar sus principales asentamientos y garantizarles acceso a salud, educaci\u00f3n y protecci\u00f3n integral .<\/p>\n\n\n\n<p>El proyecto busca generar informaci\u00f3n precisa sobre las condiciones en las que vive esta poblaci\u00f3n, con el fin de proteger sus derechos y reducir los riesgos asociados a la violencia, la explotaci\u00f3n y las adicciones .<br>De acuerdo con el documento presentado por las autoridades, el plan contempla la elaboraci\u00f3n de un padr\u00f3n estatal que detalla los lugares donde se concentran los menores, as\u00ed como la situaci\u00f3n jur\u00eddica y social que enfrentan. Adem\u00e1s, se prev\u00e9 coordinar con gobiernos locales el registro de nacimientos de ni\u00f1os y adolescentes en situaci\u00f3n de calle, en colaboraci\u00f3n con organizaciones civiles y organismos de derechos humanos.<\/p>\n\n\n\n<p>Entre las acciones iniciales se encuentran la implementaci\u00f3n de programas de atenci\u00f3n m\u00e9dica integral y la eliminaci\u00f3n de barreras estructurales que impiden el acceso a los servicios de salud. El proyecto tambi\u00e9n contempla acercar a estas comunidades servicios de salud mental , prevenci\u00f3n de adicciones y apoyos alimentarios , procurando que dichas intervenciones sean libres de estigmatizaci\u00f3n y respeten la autonom\u00eda y la voluntad de los beneficiarios.<\/p>\n\n\n\n<p>Asimismo, el gobierno destac\u00f3 que se promover\u00e1 la incorporaci\u00f3n y permanencia educativa de estos menores en el sistema escolar, acompa\u00f1ada de medidas para prevenir cualquier forma de discriminaci\u00f3n, violencia o explotaci\u00f3n sexual y laboral .<\/p>\n\n\n\n<p>Seg\u00fan datos oficiales, los ni\u00f1os y adolescentes en situaci\u00f3n de calle son menores de 18 a\u00f1os que carecen de hogar y han roto v\u00ednculos familiares debido a condiciones de inestabilidad, abandono o violencia. Muchos de ellos viven, trabajan y se relacionan en el espacio p\u00fablico, enfrentando una vida de vulnerabilidad extrema .<\/p>\n\n\n\n<p>Las estad\u00edsticas federales advierten que cuatro de cada diez menores en esta condici\u00f3n caen en adicciones o en redes delictivas, y que su esperanza de vida se reduce a entre 22 y 25 a\u00f1os debido al deterioro f\u00edsico y psicol\u00f3gico asociado a la falta de atenci\u00f3n ya las condiciones en las que sobreviven.<\/p>\n\n\n\n<p>El plan gubernamental tambi\u00e9n propone mejorar los servicios p\u00fablicos en zonas donde se identifiquen asentamientos de menores, promoviendo el acceso a agua potable , la alimentaci\u00f3n segura y espacios p\u00fablicos m\u00e1s protegidos.<\/p>\n","protected":false},"excerpt":{"rendered":"<p>El gobierno federal anunci\u00f3 la puesta en marcha de un censo nacional de ni\u00f1as, ni\u00f1os y adolescentes en situaci\u00f3n de calle en las 32 entidades del pa\u00eds, con el prop\u00f3sito de identificar sus principales asentamientos y garantizarles acceso a salud, educaci\u00f3n y protecci\u00f3n integral . El proyecto busca generar informaci\u00f3n precisa sobre las condiciones en [&hellip;]<\/p>\n","protected":false},"author":1,"featured_media":73738,"comment_status":"open","ping_status":"open","sticky":false,"template":"","format":"standard","meta":{"om_disable_all_campaigns":false,"_monsterinsights_skip_tracking":false,"_monsterinsights_sitenote_active":false,"_monsterinsights_sitenote_note":"","_monsterinsights_sitenote_category":0,"footnotes":""},"categories":[176],"tags":[],"class_list":["post-73737","post","type-post","status-publish","format-standard","has-post-thumbnail","hentry","category-nacional"],"amp_enabled":true,"_links":{"self":[{"href":"https:\/\/lahora.mx\/index.php\/wp-json\/wp\/v2\/posts\/73737","targetHints":{"allow":["GET"]}}],"collection":[{"href":"https:\/\/lahora.mx\/index.php\/wp-json\/wp\/v2\/posts"}],"about":[{"href":"https:\/\/lahora.mx\/index.php\/wp-json\/wp\/v2\/types\/post"}],"author":[{"embeddable":true,"href":"https:\/\/lahora.mx\/index.php\/wp-json\/wp\/v2\/users\/1"}],"replies":[{"embeddable":true,"href":"https:\/\/lahora.mx\/index.php\/wp-json\/wp\/v2\/comments?post=73737"}],"version-history":[{"count":1,"href":"https:\/\/lahora.mx\/index.php\/wp-json\/wp\/v2\/posts\/73737\/revisions"}],"predecessor-version":[{"id":73739,"href":"https:\/\/lahora.mx\/index.php\/wp-json\/wp\/v2\/posts\/73737\/revisions\/73739"}],"wp:featuredmedia":[{"embeddable":true,"href":"https:\/\/lahora.mx\/index.php\/wp-json\/wp\/v2\/media\/73738"}],"wp:attachment":[{"href":"https:\/\/lahora.mx\/index.php\/wp-json\/wp\/v2\/media?parent=73737"}],"wp:term":[{"taxonomy":"category","embeddable":true,"href":"https:\/\/lahora.mx\/index.php\/wp-json\/wp\/v2\/categories?post=73737"},{"taxonomy":"post_tag","embeddable":true,"href":"https:\/\/lahora.mx\/index.php\/wp-json\/wp\/v2\/tags?post=73737"}],"curies":[{"name":"wp","href":"https:\/\/api.w.org\/{rel}","templated":true}]}}