{"id":73734,"date":"2025-12-29T01:23:16","date_gmt":"2025-12-29T01:23:16","guid":{"rendered":"https:\/\/lahora.mx\/?p=73734"},"modified":"2025-12-29T01:23:17","modified_gmt":"2025-12-29T01:23:17","slug":"cierra-alejandro-armenta-primer-ano-de-administracion-con-un-60-de-aprobacion","status":"publish","type":"post","link":"https:\/\/lahora.mx\/index.php\/2025\/12\/29\/cierra-alejandro-armenta-primer-ano-de-administracion-con-un-60-de-aprobacion\/","title":{"rendered":"Cierra Alejandro Armenta primer a\u00f1o de administraci\u00f3n con un 60% de aprobaci\u00f3n"},"content":{"rendered":"\n<p>El gobernador del estado de Puebla, Alejandro Armenta Mier, mantiene una aprobaci\u00f3n mayoritaria por parte de los ciudadanos locales despu\u00e9s de que se ha cumplido un a\u00f1o de su administraci\u00f3n.<\/p>\n\n\n\n<p>De acuerdo a la encuestadora Enkoll, la cual revela que existe un s\u00f3lido nivel de confianza por parte de la ciudadan\u00eda en Puebla en torno a su trabajo como Mandatario Estatal.<br>Dicha casa encuestadora present\u00f3 los n\u00fameros en torno el desempe\u00f1o de Armenta Mier correspondiente al mes de diciembre, donde existe una aprobaci\u00f3n del 60%, situaci\u00f3n que posiciona al mandatario poblano con un mejor arranque de gesti\u00f3n en la regi\u00f3n centro del pa\u00eds.<\/p>\n\n\n\n<p>Estos n\u00fameros positivos de Armenta Mier son con base a lo que la ciudadan\u00eda interpreta como positivo en la edificaci\u00f3n de obras de infraestructura, as\u00ed como el manejo de programas sociales, aunque dicho estudio tambi\u00e9n arroja presenta un an\u00e1lisis sobre las prioridades a trabajar en lo que ya es su segundo a\u00f1o.<br><br>De acuerdo a la Encuesta, fue realizada entrevistas a mil 215 hombres y mujeres de 18 a\u00f1os y m\u00e1s, con credencial de elector vigente del domicilio en el periodo comprendido del 27 al 30 de noviembre de este 2025.<\/p>\n\n\n\n<p>Es as\u00ed que seis de cada 10 poblanos afirman que el estado de Puebla mantiene un rumbo positivo bajo, destacando inversi\u00f3n en caminos y la rehabilitaci\u00f3n de espacios p\u00fablicos, sobre todo en zonas rurales y juntas auxiliares.<\/p>\n\n\n\n<p>Aunque existe un punto a considerar, ya que los poblanos se\u00f1alan que el rubro de inseguridad es el punto a trabajar por parte de las autoridades estatales el pr\u00f3ximo a\u00f1o.<\/p>\n\n\n\n<p>Las entrevistas a los ciudadanos fueron presenciales en vivienda y dicha encuesta mantiene un margen de error de +\/- 3.1%.<br><\/p>\n","protected":false},"excerpt":{"rendered":"<p>El gobernador del estado de Puebla, Alejandro Armenta Mier, mantiene una aprobaci\u00f3n mayoritaria por parte de los ciudadanos locales despu\u00e9s de que se ha cumplido un a\u00f1o de su administraci\u00f3n. De acuerdo a la encuestadora Enkoll, la cual revela que existe un s\u00f3lido nivel de confianza por parte de la ciudadan\u00eda en Puebla en torno [&hellip;]<\/p>\n","protected":false},"author":1,"featured_media":73735,"comment_status":"open","ping_status":"open","sticky":false,"template":"","format":"standard","meta":{"om_disable_all_campaigns":false,"_monsterinsights_skip_tracking":false,"_monsterinsights_sitenote_active":false,"_monsterinsights_sitenote_note":"","_monsterinsights_sitenote_category":0,"footnotes":""},"categories":[175],"tags":[239,195,223],"class_list":["post-73734","post","type-post","status-publish","format-standard","has-post-thumbnail","hentry","category-local","tag-gobierno","tag-principal","tag-puebla"],"amp_enabled":true,"_links":{"self":[{"href":"https:\/\/lahora.mx\/index.php\/wp-json\/wp\/v2\/posts\/73734","targetHints":{"allow":["GET"]}}],"collection":[{"href":"https:\/\/lahora.mx\/index.php\/wp-json\/wp\/v2\/posts"}],"about":[{"href":"https:\/\/lahora.mx\/index.php\/wp-json\/wp\/v2\/types\/post"}],"author":[{"embeddable":true,"href":"https:\/\/lahora.mx\/index.php\/wp-json\/wp\/v2\/users\/1"}],"replies":[{"embeddable":true,"href":"https:\/\/lahora.mx\/index.php\/wp-json\/wp\/v2\/comments?post=73734"}],"version-history":[{"count":1,"href":"https:\/\/lahora.mx\/index.php\/wp-json\/wp\/v2\/posts\/73734\/revisions"}],"predecessor-version":[{"id":73736,"href":"https:\/\/lahora.mx\/index.php\/wp-json\/wp\/v2\/posts\/73734\/revisions\/73736"}],"wp:featuredmedia":[{"embeddable":true,"href":"https:\/\/lahora.mx\/index.php\/wp-json\/wp\/v2\/media\/73735"}],"wp:attachment":[{"href":"https:\/\/lahora.mx\/index.php\/wp-json\/wp\/v2\/media?parent=73734"}],"wp:term":[{"taxonomy":"category","embeddable":true,"href":"https:\/\/lahora.mx\/index.php\/wp-json\/wp\/v2\/categories?post=73734"},{"taxonomy":"post_tag","embeddable":true,"href":"https:\/\/lahora.mx\/index.php\/wp-json\/wp\/v2\/tags?post=73734"}],"curies":[{"name":"wp","href":"https:\/\/api.w.org\/{rel}","templated":true}]}}