{"id":73715,"date":"2025-12-28T19:16:29","date_gmt":"2025-12-28T19:16:29","guid":{"rendered":"https:\/\/lahora.mx\/?p=73715"},"modified":"2025-12-28T19:16:30","modified_gmt":"2025-12-28T19:16:30","slug":"volkswagen-planea-despedir-a-mas-de-mil-empleados-en-puebla","status":"publish","type":"post","link":"https:\/\/lahora.mx\/index.php\/2025\/12\/28\/volkswagen-planea-despedir-a-mas-de-mil-empleados-en-puebla\/","title":{"rendered":"Volkswagen planea despedir a m\u00e1s de mil empleados en Puebla"},"content":{"rendered":"\n<p>Tras la imposici\u00f3n de<strong> aranceles, la creciente competencia China en el mercado automotriz<\/strong>, <a href=\"https:\/\/oem.com.mx\/elsoldepuebla\/finanzas\/caen-ventas-de-volkswagen-en-julio-audi-reporta-ligero-aumento-25079919\" target=\"_blank\" rel=\"noreferrer noopener\"><strong>Volkswagen<\/strong><\/a><strong>\u00a0de M\u00e9xico<\/strong>\u00a0preeve <strong>recortar gradualmente mil 93 trabajadores sindicalizados<\/strong> a trav\u00e9s del esquema de jubilaci\u00f3n adelantada.<\/p>\n\n\n\n<p>De acuerdo al secretario general del Sindicato Independiente de Trabajadores de la Industria Automotriz Volkswagen de M\u00e9xico (<strong>SITIAVW<\/strong>), <strong>Hugo Tlalpan Luna<\/strong>, <strong>los posibles despidos no ser\u00edan inmediatos<\/strong>, sino que se aplicar\u00edan de manera gradual:<strong>\u00a0los primeros ya se dieron en octubre de este 2025 y los siguientes ser\u00e1n en el transcurso de 2026.<\/strong><\/p>\n\n\n\n<p>Sobre la justificaci\u00f3n de la empresa, Tlalpan Luna explic\u00f3 que se centra en dos factores:<strong>\u00a0los aranceles aplicados por Estados Unidos\u00a0<\/strong>al sector automotriz y\u00a0<strong>la creciente competencia internacional<\/strong>, principalmente de las marcas chinas.<\/p>\n\n\n\n<h3 class=\"wp-block-heading\">La llegada del Golf se aplaza hasta 2027<\/h3>\n\n\n\n<p>En otro tema relacionado con el futuro de la planta de\u00a0<strong>Volkswagen en Puebla,<\/strong>\u00a0el l\u00edder del SITIAVW confirm\u00f3 que el proyecto para fabricar<strong>\u00a0el Golf,\u00a0<\/strong>previsto originalmente para 2026, se aplazar\u00e1 un a\u00f1o m\u00e1s y<strong>\u00a0llegar\u00e1 hasta 2027<\/strong>, lo cual podr\u00eda aliviar las tensiones laborales al reactivar producci\u00f3n. <\/p>\n\n\n\n<p>Explic\u00f3 que el retraso obedece principalmente a&nbsp;<strong>cuestiones log\u00edsticas, a cambios en las plataformas y a la planeaci\u00f3n administrativa<\/strong>&nbsp;del grupo automotriz en Alemania.<\/p>\n\n\n\n<p>Detall\u00f3 que, aunque&nbsp;<strong>el Golf se seguir\u00e1 produciendo en una versi\u00f3n de combusti\u00f3n,&nbsp;<\/strong>el proyecto contempla tambi\u00e9n ajustes enfocados en el futuro de la industria automotriz.<\/p>\n\n\n\n<p>En ese sentido, adelant\u00f3 que ya&nbsp;<strong>comenzaron los trabajos administrativos y de log\u00edstica,<\/strong>&nbsp;que dar\u00e1n paso posteriormente a las modificaciones en las diferentes \u00e1reas de la planta.<\/p>\n\n\n\n<p>\u201cLa llegada del Golf estar\u00e1 vinculada a<strong>&nbsp;la reactivaci\u00f3n de la Nave 21,<\/strong>&nbsp;y con ello se prev\u00e9n contrataciones adicionales, aunque a\u00fan estamos determinando la cantidad\u201d, puntualiz\u00f3.<\/p>\n","protected":false},"excerpt":{"rendered":"<p>Tras la imposici\u00f3n de aranceles, la creciente competencia China en el mercado automotriz, Volkswagen\u00a0de M\u00e9xico\u00a0preeve recortar gradualmente mil 93 trabajadores sindicalizados a trav\u00e9s del esquema de jubilaci\u00f3n adelantada. De acuerdo al secretario general del Sindicato Independiente de Trabajadores de la Industria Automotriz Volkswagen de M\u00e9xico (SITIAVW), Hugo Tlalpan Luna, los posibles despidos no ser\u00edan inmediatos, [&hellip;]<\/p>\n","protected":false},"author":1,"featured_media":73716,"comment_status":"open","ping_status":"open","sticky":false,"template":"","format":"standard","meta":{"om_disable_all_campaigns":false,"_monsterinsights_skip_tracking":false,"_monsterinsights_sitenote_active":false,"_monsterinsights_sitenote_note":"","_monsterinsights_sitenote_category":0,"footnotes":""},"categories":[175],"tags":[29,195,223],"class_list":["post-73715","post","type-post","status-publish","format-standard","has-post-thumbnail","hentry","category-local","tag-business","tag-principal","tag-puebla"],"amp_enabled":true,"_links":{"self":[{"href":"https:\/\/lahora.mx\/index.php\/wp-json\/wp\/v2\/posts\/73715","targetHints":{"allow":["GET"]}}],"collection":[{"href":"https:\/\/lahora.mx\/index.php\/wp-json\/wp\/v2\/posts"}],"about":[{"href":"https:\/\/lahora.mx\/index.php\/wp-json\/wp\/v2\/types\/post"}],"author":[{"embeddable":true,"href":"https:\/\/lahora.mx\/index.php\/wp-json\/wp\/v2\/users\/1"}],"replies":[{"embeddable":true,"href":"https:\/\/lahora.mx\/index.php\/wp-json\/wp\/v2\/comments?post=73715"}],"version-history":[{"count":1,"href":"https:\/\/lahora.mx\/index.php\/wp-json\/wp\/v2\/posts\/73715\/revisions"}],"predecessor-version":[{"id":73717,"href":"https:\/\/lahora.mx\/index.php\/wp-json\/wp\/v2\/posts\/73715\/revisions\/73717"}],"wp:featuredmedia":[{"embeddable":true,"href":"https:\/\/lahora.mx\/index.php\/wp-json\/wp\/v2\/media\/73716"}],"wp:attachment":[{"href":"https:\/\/lahora.mx\/index.php\/wp-json\/wp\/v2\/media?parent=73715"}],"wp:term":[{"taxonomy":"category","embeddable":true,"href":"https:\/\/lahora.mx\/index.php\/wp-json\/wp\/v2\/categories?post=73715"},{"taxonomy":"post_tag","embeddable":true,"href":"https:\/\/lahora.mx\/index.php\/wp-json\/wp\/v2\/tags?post=73715"}],"curies":[{"name":"wp","href":"https:\/\/api.w.org\/{rel}","templated":true}]}}