{"id":73263,"date":"2025-12-09T20:11:07","date_gmt":"2025-12-09T20:11:07","guid":{"rendered":"https:\/\/lahora.mx\/?p=73263"},"modified":"2025-12-16T20:12:15","modified_gmt":"2025-12-16T20:12:15","slug":"en-el-dif-de-huejotzingo-tambien-vamos-bien-shamy-spezia-rinde-primer-informe-con-logros-que-benefician-a-mas-de-25-mil-personas","status":"publish","type":"post","link":"https:\/\/lahora.mx\/index.php\/2025\/12\/09\/en-el-dif-de-huejotzingo-tambien-vamos-bien-shamy-spezia-rinde-primer-informe-con-logros-que-benefician-a-mas-de-25-mil-personas\/","title":{"rendered":"\u201cEn el DIF de Huejotzingo, tambi\u00e9n vamos bien\u201d: Shamy Spezia rinde Primer Informe con logros que benefician a m\u00e1s de 25 mil personas"},"content":{"rendered":"\n<p>Con gran emoci\u00f3n y un profundo sentido de gratitud, la Presidenta Honoraria del Sistema Municipal DIF de Huejotzingo, Shamy Spezia, present\u00f3 su Primer Informe de Actividades, destacando c\u00f3mo, en solo un a\u00f1o, la instituci\u00f3n ha beneficiado a m\u00e1s de 25 mil personas a trav\u00e9s de programas integrales de salud, protecci\u00f3n y apoyo comunitario.<\/p>\n\n\n\n<p>Bajo el lema \u201cEn el DIF, Tambi\u00e9n Vamos Bien\u201d, la Presidenta Honoraria subray\u00f3 el compromiso inquebrantable con las familias vulnerables, transformando un DIF que encontr\u00f3 en condiciones precarias en un refugio de esperanza y acci\u00f3n concreta.<\/p>\n\n\n\n<p>Entre los logros m\u00e1s destacados, en salud integral se apoy\u00f3 a m\u00e1s de 3 mil personas con rehabilitaci\u00f3n, 150 ni\u00f1os con estimulaci\u00f3n temprana, m\u00e1s de 318 con podolog\u00eda, 150 mil raciones nutricionales y 817 atenciones odontol\u00f3gicas. En salud emocional, m\u00e1s de 614 recibieron atenci\u00f3n m\u00e9dica, mil 870 acompa\u00f1amiento psicol\u00f3gico, m\u00e1s de 2 mil 593 estimulaci\u00f3n cognitiva y m\u00e1s de 663 consultas especializadas a bajo costo. La asesor\u00eda jur\u00eddica gui\u00f3 a m\u00e1s de 330 familias, mientras que se intervinieron m\u00e1s de 40 casos de violencia. Los programas comunitarios alcanzaron cerca de 12 mil familias con despensas, 7 mil 103 alumnos y 788 padres en escuelas, m\u00e1s de 200 adultos mayores con 7 mil 480 raciones, m\u00e1s de 3 mil ni\u00f1os en desayunadores.<\/p>\n\n\n\n<p>Enfatiz\u00f3 que estos logros no habr\u00edan sido posibles sin alianzas estrat\u00e9gicas, donde la humildad y el prop\u00f3sito sincero abrieron puertas a \u201cmilagros\u201d colectivos. \u201cCuando se toca con verdad, las respuestas llegan\u201d, afirm\u00f3.<\/p>\n\n\n\n<p>Entre los aliados destacados se encuentra TROZMER, C\u00e1ritas Puebla (875 cajas de medicamentos), S\u00faper Track (53 aparatos ortop\u00e9dicos), Operation Smile (5 cirug\u00edas), Salutia (130 auxiliares auditivos a bajo costo), Fundaci\u00f3n Ara, CINIA (capacitaci\u00f3n a 20 familias), DIF Huauchinango (colaboraci\u00f3n 2026 en pelucas oncol\u00f3gicas), CECATI 139 (15 personas con discapacidad visual), Supervisora Escolar de USAER y CAM, Marisol Coraza (terapias a 60 ni\u00f1os), Instituto Manssur (120 mujeres atendidas en jornadas de belleza), Cin\u00e9polis (88 alumnos al cine), De la Oz y Crystal (200 estudios), Fundaci\u00f3n Hospital de la Luz (9 cirug\u00edas de cataratas) y Hospital Aqua (25 tomograf\u00edas).<\/p>\n\n\n\n<p>Shamy Spezia expres\u00f3 un agradecimiento especial al Gobernador del Estado, Alejandro Armenta Mier, por su confianza inquebrantable, su visi\u00f3n estrat\u00e9gica y el respaldo constante que ha brindado al Municipio. De igual manera, extendi\u00f3 su gratitud a su esposa, Ceci Arellano, Presidenta del Sistema Estatal DIF, una mujer dedicada por completo a su familia y que, con esa misma entrega y pasi\u00f3n, trabaja incansablemente por las familias poblanas; a las Presidentas del DIF de Juntas Auxiliares y comit\u00e9s de \u201cLatidos por Huejotzingo\u201d por su labor; a Dios y la Virgen por su gu\u00eda; y a su equipo por su entrega.<\/p>\n\n\n\n<p>Especialmente, resalt\u00f3 el incondicional apoyo del Presidente Municipal, Roberto Sol\u00eds Valles: \u201cGracias por ser mi refugio y fuerza en cada desaf\u00edo\u201d. Inspirada en sus abuelos, anunci\u00f3 la llegada de un beb\u00e9 como bendici\u00f3n para continuar el legado de servicio.<\/p>\n\n\n\n<p>Concluy\u00f3 afirmando que en Huejotzingo \u201cvamos bien, y en el DIF tambi\u00e9n\u201d, honrando las 25 mil 303 personas atendidas como el logro m\u00e1s grande, uno que se lleva en el coraz\u00f3n con gratitud eterna.<\/p>\n","protected":false},"excerpt":{"rendered":"<p>Con gran emoci\u00f3n y un profundo sentido de gratitud, la Presidenta Honoraria del Sistema Municipal DIF de Huejotzingo, Shamy Spezia, present\u00f3 su Primer Informe de Actividades, destacando c\u00f3mo, en solo un a\u00f1o, la instituci\u00f3n ha beneficiado a m\u00e1s de 25 mil personas a trav\u00e9s de programas integrales de salud, protecci\u00f3n y apoyo comunitario. Bajo el [&hellip;]<\/p>\n","protected":false},"author":1,"featured_media":73264,"comment_status":"open","ping_status":"open","sticky":false,"template":"","format":"standard","meta":{"om_disable_all_campaigns":false,"_monsterinsights_skip_tracking":false,"_monsterinsights_sitenote_active":false,"_monsterinsights_sitenote_note":"","_monsterinsights_sitenote_category":0,"footnotes":""},"categories":[175],"tags":[266],"class_list":["post-73263","post","type-post","status-publish","format-standard","has-post-thumbnail","hentry","category-local","tag-huejotzingo"],"amp_enabled":true,"_links":{"self":[{"href":"https:\/\/lahora.mx\/index.php\/wp-json\/wp\/v2\/posts\/73263","targetHints":{"allow":["GET"]}}],"collection":[{"href":"https:\/\/lahora.mx\/index.php\/wp-json\/wp\/v2\/posts"}],"about":[{"href":"https:\/\/lahora.mx\/index.php\/wp-json\/wp\/v2\/types\/post"}],"author":[{"embeddable":true,"href":"https:\/\/lahora.mx\/index.php\/wp-json\/wp\/v2\/users\/1"}],"replies":[{"embeddable":true,"href":"https:\/\/lahora.mx\/index.php\/wp-json\/wp\/v2\/comments?post=73263"}],"version-history":[{"count":1,"href":"https:\/\/lahora.mx\/index.php\/wp-json\/wp\/v2\/posts\/73263\/revisions"}],"predecessor-version":[{"id":73265,"href":"https:\/\/lahora.mx\/index.php\/wp-json\/wp\/v2\/posts\/73263\/revisions\/73265"}],"wp:featuredmedia":[{"embeddable":true,"href":"https:\/\/lahora.mx\/index.php\/wp-json\/wp\/v2\/media\/73264"}],"wp:attachment":[{"href":"https:\/\/lahora.mx\/index.php\/wp-json\/wp\/v2\/media?parent=73263"}],"wp:term":[{"taxonomy":"category","embeddable":true,"href":"https:\/\/lahora.mx\/index.php\/wp-json\/wp\/v2\/categories?post=73263"},{"taxonomy":"post_tag","embeddable":true,"href":"https:\/\/lahora.mx\/index.php\/wp-json\/wp\/v2\/tags?post=73263"}],"curies":[{"name":"wp","href":"https:\/\/api.w.org\/{rel}","templated":true}]}}