{"id":7326,"date":"2022-05-25T00:07:17","date_gmt":"2022-05-25T00:07:17","guid":{"rendered":"http:\/\/lahora.mx\/?p=7326"},"modified":"2022-05-25T00:09:02","modified_gmt":"2022-05-25T00:09:02","slug":"se-avala-aborto-en-casos-de-violacion-a-menores-sin-necesidad-de-autorizacion-de-padres","status":"publish","type":"post","link":"https:\/\/lahora.mx\/index.php\/2022\/05\/25\/se-avala-aborto-en-casos-de-violacion-a-menores-sin-necesidad-de-autorizacion-de-padres\/","title":{"rendered":"Se avala aborto en casos de violaci\u00f3n a menores sin necesidad de autorizaci\u00f3n de padres"},"content":{"rendered":"\n<p>El Pleno de la&nbsp;<strong>Suprema Corte de Justicia de la Naci\u00f3n&nbsp;<\/strong>(SCJN) aval\u00f3 la&nbsp;<strong>Norma Oficial Mexicana<\/strong>&nbsp;(NOM) que ordena a los&nbsp;<strong>hospitales p\u00fablicos&nbsp;<\/strong>a&nbsp;<strong>practicar abortos&nbsp;<\/strong>&nbsp;en casos de violaci\u00f3n a menores de 12 a 17 a\u00f1os de edad incluso sin autorizaci\u00f3n de sus padres.<\/p>\n\n\n\n<p>Por mayor\u00eda de votos los ministros avalaron la modificaci\u00f3n a la Norma Oficial Mexicana NOM-190-SSA1-1999, Prestaci\u00f3n de servicios de salud. Criterios para la atenci\u00f3n m\u00e9dica de la violencia familiar, para quedar como NOM-046-SSA2-2005. Violencia familiar, sexual y contra las mujeres. Criterios para la prevenci\u00f3n y atenci\u00f3n.<\/p>\n\n\n\n<h2 class=\"wp-block-heading\"><strong>Interrupci\u00f3n voluntaria del embarazo<\/strong><\/h2>\n\n\n\n<p>En dicha modificaci\u00f3n, se facilit\u00f3 el acceso de<strong>&nbsp;mujeres y ni\u00f1as&nbsp;<\/strong>a la<strong>&nbsp;interrupci\u00f3n voluntaria&nbsp;<\/strong>del&nbsp;<strong>embarazo<\/strong>&nbsp;cuando hayan sido&nbsp;<strong>v\u00edctimas de violaci\u00f3n<\/strong>&nbsp;sin necesidad de autorizaci\u00f3n judicial o, en el caso de menores de edad, sin previo aval de sus padres.<\/p>\n\n\n\n<p>El proyecto fue realizado por el ministro Luis Mar\u00eda Aguilar Morales y con el aval de la Corte, la NOM ya puede ser aplicada en todos los hospitales p\u00fablicos del pa\u00eds.<\/p>\n","protected":false},"excerpt":{"rendered":"<p>El Pleno de la&nbsp;Suprema Corte de Justicia de la Naci\u00f3n&nbsp;(SCJN) aval\u00f3 la&nbsp;Norma Oficial Mexicana&nbsp;(NOM) que ordena a los&nbsp;hospitales p\u00fablicos&nbsp;a&nbsp;practicar abortos&nbsp;&nbsp;en casos de violaci\u00f3n a menores de 12 a 17 a\u00f1os de edad incluso sin autorizaci\u00f3n de sus padres. Por mayor\u00eda de votos los ministros avalaron la modificaci\u00f3n a la Norma Oficial Mexicana NOM-190-SSA1-1999, Prestaci\u00f3n de [&hellip;]<\/p>\n","protected":false},"author":4,"featured_media":7330,"comment_status":"open","ping_status":"open","sticky":false,"template":"","format":"standard","meta":{"om_disable_all_campaigns":false,"_monsterinsights_skip_tracking":false,"_monsterinsights_sitenote_active":false,"_monsterinsights_sitenote_note":"","_monsterinsights_sitenote_category":0,"footnotes":""},"categories":[176],"tags":[195],"class_list":["post-7326","post","type-post","status-publish","format-standard","has-post-thumbnail","hentry","category-nacional","tag-principal"],"amp_enabled":true,"_links":{"self":[{"href":"https:\/\/lahora.mx\/index.php\/wp-json\/wp\/v2\/posts\/7326","targetHints":{"allow":["GET"]}}],"collection":[{"href":"https:\/\/lahora.mx\/index.php\/wp-json\/wp\/v2\/posts"}],"about":[{"href":"https:\/\/lahora.mx\/index.php\/wp-json\/wp\/v2\/types\/post"}],"author":[{"embeddable":true,"href":"https:\/\/lahora.mx\/index.php\/wp-json\/wp\/v2\/users\/4"}],"replies":[{"embeddable":true,"href":"https:\/\/lahora.mx\/index.php\/wp-json\/wp\/v2\/comments?post=7326"}],"version-history":[{"count":2,"href":"https:\/\/lahora.mx\/index.php\/wp-json\/wp\/v2\/posts\/7326\/revisions"}],"predecessor-version":[{"id":7331,"href":"https:\/\/lahora.mx\/index.php\/wp-json\/wp\/v2\/posts\/7326\/revisions\/7331"}],"wp:featuredmedia":[{"embeddable":true,"href":"https:\/\/lahora.mx\/index.php\/wp-json\/wp\/v2\/media\/7330"}],"wp:attachment":[{"href":"https:\/\/lahora.mx\/index.php\/wp-json\/wp\/v2\/media?parent=7326"}],"wp:term":[{"taxonomy":"category","embeddable":true,"href":"https:\/\/lahora.mx\/index.php\/wp-json\/wp\/v2\/categories?post=7326"},{"taxonomy":"post_tag","embeddable":true,"href":"https:\/\/lahora.mx\/index.php\/wp-json\/wp\/v2\/tags?post=7326"}],"curies":[{"name":"wp","href":"https:\/\/api.w.org\/{rel}","templated":true}]}}