{"id":73240,"date":"2025-12-04T18:50:11","date_gmt":"2025-12-04T18:50:11","guid":{"rendered":"https:\/\/lahora.mx\/?p=73240"},"modified":"2025-12-16T18:51:10","modified_gmt":"2025-12-16T18:51:10","slug":"buscan-a-mauro-de-17-anos-desaparecio-en-huejotzingo","status":"publish","type":"post","link":"https:\/\/lahora.mx\/index.php\/2025\/12\/04\/buscan-a-mauro-de-17-anos-desaparecio-en-huejotzingo\/","title":{"rendered":"Buscan a Mauro de 17 a\u00f1os; desapareci\u00f3 en Huejotzingo"},"content":{"rendered":"\n<p>Familiares y amigos de Mauro San Mart\u00edn Dom\u00ednguez, un joven de 17 a\u00f1os, piden el apoyo de la comunidad paga poder localizar a este adolescente, quien sali\u00f3 de su domicilio en Huejotzingo el d\u00eda 2 de diciembre.<\/p>\n\n\n\n<p>De acuerdo a los reportes el menor sali\u00f3 de su casa ubicada en el Cuarto Barrio, sin embargo desde ese momento se perdi\u00f3 toda comunicaci\u00f3n.<\/p>\n\n\n\n<p>El joven tiene una estatura de 1.75 metros, tez morena clara, complexi\u00f3n media, cabello corto, ondulado y color casta\u00f1o oscuro, tiene como se\u00f1as particulares un tatuaje con la figura de un coraz\u00f3n de aproximadamente 1 cent\u00edmetro en la mu\u00f1eca izquierda.<\/p>\n\n\n\n<p>Mauro vest\u00eda una chamarra color azul marino con cierre en el lado derecho, un pantal\u00f3n de mezclilla color azul, tenis negros de tela de la marca Under Armour, y portaba una mochila azul marino.<\/p>\n\n\n\n<p>Cualquier informaci\u00f3n que permita dar con la ubicaci\u00f3n puede ser compartida en el bolet\u00edn de b\u00fasqueda emitido por la FGE<\/p>\n\n\n\n<p>Descubre todo sobre noticias Puebla y de todo M\u00e9xico visitando nuestra p\u00e1gina principal.<\/p>\n","protected":false},"excerpt":{"rendered":"<p>Familiares y amigos de Mauro San Mart\u00edn Dom\u00ednguez, un joven de 17 a\u00f1os, piden el apoyo de la comunidad paga poder localizar a este adolescente, quien sali\u00f3 de su domicilio en Huejotzingo el d\u00eda 2 de diciembre. De acuerdo a los reportes el menor sali\u00f3 de su casa ubicada en el Cuarto Barrio, sin embargo [&hellip;]<\/p>\n","protected":false},"author":1,"featured_media":73241,"comment_status":"open","ping_status":"open","sticky":false,"template":"","format":"standard","meta":{"om_disable_all_campaigns":false,"_monsterinsights_skip_tracking":false,"_monsterinsights_sitenote_active":false,"_monsterinsights_sitenote_note":"","_monsterinsights_sitenote_category":0,"footnotes":""},"categories":[175,226],"tags":[266],"class_list":["post-73240","post","type-post","status-publish","format-standard","has-post-thumbnail","hentry","category-local","category-policia","tag-huejotzingo"],"amp_enabled":true,"_links":{"self":[{"href":"https:\/\/lahora.mx\/index.php\/wp-json\/wp\/v2\/posts\/73240","targetHints":{"allow":["GET"]}}],"collection":[{"href":"https:\/\/lahora.mx\/index.php\/wp-json\/wp\/v2\/posts"}],"about":[{"href":"https:\/\/lahora.mx\/index.php\/wp-json\/wp\/v2\/types\/post"}],"author":[{"embeddable":true,"href":"https:\/\/lahora.mx\/index.php\/wp-json\/wp\/v2\/users\/1"}],"replies":[{"embeddable":true,"href":"https:\/\/lahora.mx\/index.php\/wp-json\/wp\/v2\/comments?post=73240"}],"version-history":[{"count":1,"href":"https:\/\/lahora.mx\/index.php\/wp-json\/wp\/v2\/posts\/73240\/revisions"}],"predecessor-version":[{"id":73242,"href":"https:\/\/lahora.mx\/index.php\/wp-json\/wp\/v2\/posts\/73240\/revisions\/73242"}],"wp:featuredmedia":[{"embeddable":true,"href":"https:\/\/lahora.mx\/index.php\/wp-json\/wp\/v2\/media\/73241"}],"wp:attachment":[{"href":"https:\/\/lahora.mx\/index.php\/wp-json\/wp\/v2\/media?parent=73240"}],"wp:term":[{"taxonomy":"category","embeddable":true,"href":"https:\/\/lahora.mx\/index.php\/wp-json\/wp\/v2\/categories?post=73240"},{"taxonomy":"post_tag","embeddable":true,"href":"https:\/\/lahora.mx\/index.php\/wp-json\/wp\/v2\/tags?post=73240"}],"curies":[{"name":"wp","href":"https:\/\/api.w.org\/{rel}","templated":true}]}}