{"id":73040,"date":"2025-12-13T23:18:19","date_gmt":"2025-12-13T23:18:19","guid":{"rendered":"https:\/\/lahora.mx\/?p=73040"},"modified":"2025-12-13T23:18:20","modified_gmt":"2025-12-13T23:18:20","slug":"israel-vuelve-a-atacar-a-gaza-para-supuestamente-matar-a-lider-de-milicias-rebeldes-palestinas","status":"publish","type":"post","link":"https:\/\/lahora.mx\/index.php\/2025\/12\/13\/israel-vuelve-a-atacar-a-gaza-para-supuestamente-matar-a-lider-de-milicias-rebeldes-palestinas\/","title":{"rendered":"Israel vuelve a atacar a Gaza para supuestamente matar a l\u00edder de milicias rebeldes palestinas"},"content":{"rendered":"\n<p>Tras una operaci\u00f3n militar en Gaza, llevada a cabo por el Ej\u00e9rcito de Israel, voceros de este dieron a conocer que supuestamente mataron a un l\u00edder de las milicias rebeldes palestinas, habiendo sido este identificado como Raed Saed, uno de los presuntos autores intelectuales de los atentados del 7 de octubre del 2023.<\/p>\n\n\n\n<p>De acuerdo con autoridades sanitarias palestinas, el bombardeo llevado a cabo por militares sionistas dej\u00f3 al menos cuatro muertos y m\u00e1s de veinte heridos. Sin embargo, ni las autoridades gazat\u00eds ni el personal m\u00e9dico de la regi\u00f3n confirmaron oficialmente si Saed se encontraba entre las v\u00edctimas.<br>Las fuerzas armadas israel\u00edes reconocieron la acci\u00f3n, aunque inicialmente evitaron identificar p\u00fablicamente a la persona atacada. Solo declararon que se trataba de un dirigente de alto nivel dentro de la estructura del grupo palestino, para luego hacer publico que se trataba de este individuo afiliado a Hamas.<\/p>\n\n\n\n<p>Procura mantenerte al tanto de todas las noticias hoy en Puebla, M\u00e9xico y el mundo \u00a1Explora m\u00e1s en nuestro portal ahora mismo!<\/p>\n","protected":false},"excerpt":{"rendered":"<p>Tras una operaci\u00f3n militar en Gaza, llevada a cabo por el Ej\u00e9rcito de Israel, voceros de este dieron a conocer que supuestamente mataron a un l\u00edder de las milicias rebeldes palestinas, habiendo sido este identificado como Raed Saed, uno de los presuntos autores intelectuales de los atentados del 7 de octubre del 2023. De acuerdo [&hellip;]<\/p>\n","protected":false},"author":1,"featured_media":73041,"comment_status":"open","ping_status":"open","sticky":false,"template":"","format":"standard","meta":{"om_disable_all_campaigns":false,"_monsterinsights_skip_tracking":false,"_monsterinsights_sitenote_active":false,"_monsterinsights_sitenote_note":"","_monsterinsights_sitenote_category":0,"footnotes":""},"categories":[183],"tags":[195],"class_list":["post-73040","post","type-post","status-publish","format-standard","has-post-thumbnail","hentry","category-internacional","tag-principal"],"amp_enabled":true,"_links":{"self":[{"href":"https:\/\/lahora.mx\/index.php\/wp-json\/wp\/v2\/posts\/73040","targetHints":{"allow":["GET"]}}],"collection":[{"href":"https:\/\/lahora.mx\/index.php\/wp-json\/wp\/v2\/posts"}],"about":[{"href":"https:\/\/lahora.mx\/index.php\/wp-json\/wp\/v2\/types\/post"}],"author":[{"embeddable":true,"href":"https:\/\/lahora.mx\/index.php\/wp-json\/wp\/v2\/users\/1"}],"replies":[{"embeddable":true,"href":"https:\/\/lahora.mx\/index.php\/wp-json\/wp\/v2\/comments?post=73040"}],"version-history":[{"count":1,"href":"https:\/\/lahora.mx\/index.php\/wp-json\/wp\/v2\/posts\/73040\/revisions"}],"predecessor-version":[{"id":73042,"href":"https:\/\/lahora.mx\/index.php\/wp-json\/wp\/v2\/posts\/73040\/revisions\/73042"}],"wp:featuredmedia":[{"embeddable":true,"href":"https:\/\/lahora.mx\/index.php\/wp-json\/wp\/v2\/media\/73041"}],"wp:attachment":[{"href":"https:\/\/lahora.mx\/index.php\/wp-json\/wp\/v2\/media?parent=73040"}],"wp:term":[{"taxonomy":"category","embeddable":true,"href":"https:\/\/lahora.mx\/index.php\/wp-json\/wp\/v2\/categories?post=73040"},{"taxonomy":"post_tag","embeddable":true,"href":"https:\/\/lahora.mx\/index.php\/wp-json\/wp\/v2\/tags?post=73040"}],"curies":[{"name":"wp","href":"https:\/\/api.w.org\/{rel}","templated":true}]}}