{"id":72995,"date":"2025-12-13T03:07:08","date_gmt":"2025-12-13T03:07:08","guid":{"rendered":"https:\/\/lahora.mx\/?p=72995"},"modified":"2025-12-13T03:07:09","modified_gmt":"2025-12-13T03:07:09","slug":"corina-machado-pide-mayor-presion-contra-maduro","status":"publish","type":"post","link":"https:\/\/lahora.mx\/index.php\/2025\/12\/13\/corina-machado-pide-mayor-presion-contra-maduro\/","title":{"rendered":"Corina Machado pide mayor presi\u00f3n contra Maduro"},"content":{"rendered":"\n<p>La l\u00edder opositora venezolana de&nbsp;<strong>ultraderecha&nbsp;<\/strong><a href=\"https:\/\/www.excelsior.com.mx\/venezuela#pageview-2\" target=\"_blank\" rel=\"noreferrer noopener\"><strong>Mar\u00eda Corina Machado<\/strong><\/a>, premio Nobel de la Paz 2025, dijo que apoya una mayor presi\u00f3n sobre el presidente Nicol\u00e1s Maduro para que<strong>&nbsp;\u00abcomprenda\u00bb que debe dejar el poder<\/strong>, seg\u00fan extractos de una entrevista con el canal estadounidense CBS difundidos este viernes.<\/p>\n\n\n\n<p>Machado ha denunciado como fraudulenta la reelecci\u00f3n de Maduro en las presidenciales de julio de 2024, que asegura fueron ganadas por su candidato Edmundo Gonz\u00e1lez Urrutia.<\/p>\n\n\n\n<p>\u00ab<strong>Apoyar\u00e9 que haya m\u00e1s y m\u00e1s presi\u00f3n hasta que Maduro comprenda que debe irse, que su tiempo se acab\u00f3\u00bb, declar\u00f3 Machado ante la pregunta de si respaldar\u00eda una intervenci\u00f3n de Estados Unidos en Venezuela.<\/strong><\/p>\n\n\n\n<figure class=\"wp-block-embed is-type-rich is-provider-twitter wp-block-embed-twitter\"><div class=\"wp-block-embed__wrapper\">\n<blockquote class=\"twitter-tweet\" data-width=\"550\" data-dnt=\"true\"><p lang=\"es\" dir=\"ltr\">Corina Machado pide mayor presi\u00f3n contra Maduro<br><br>&quot;Apoyar\u00e9 que haya m\u00e1s y m\u00e1s presi\u00f3n hasta que Maduro comprenda que debe irse, que su tiempo se acab\u00f3&quot;, declar\u00f3 Machado ante la pregunta de si respaldar\u00eda una intervenci\u00f3n de Estados Unidos en Venezuela. <a href=\"https:\/\/t.co\/NBnnmLXqxl\">pic.twitter.com\/NBnnmLXqxl<\/a><\/p>&mdash; La Hora (@LaHoraMX) <a href=\"https:\/\/twitter.com\/LaHoraMX\/status\/1999676653023428647?ref_src=twsrc%5Etfw\">December 13, 2025<\/a><\/blockquote><script async src=\"https:\/\/platform.twitter.com\/widgets.js\" charset=\"utf-8\"><\/script>\n<\/div><\/figure>\n\n\n\n<p>En el \u00faltimo mes, el presidente Donald Trump advirti\u00f3 que una operaci\u00f3n por tierra en Venezuela es inminente luego de que Washington despleg\u00f3 desde septiembre buques militares y el mayor portaviones del mundo en el Caribe, frente a las costas venezolanas.<\/p>\n\n\n\n<p>Para la opositora no se trata de alcanzar \u00abun cambio de r\u00e9gimen convencional\u00bb.<\/p>\n\n\n\n<p>\u00ab<strong>Tuvimos una elecci\u00f3n. Un cambio de r\u00e9gimen ya fue decidido por m\u00e1s del 70% de la poblaci\u00f3n, y lo que necesitamos es apoyo para hacer cumplir ese mandato\u00bb, dijo Machado desde Oslo, adonde lleg\u00f3 la madrugada del jueves despu\u00e9s de un arriesgado viaje para salir de Venezuela.<\/strong><\/p>\n\n\n\n<p><\/p>\n","protected":false},"excerpt":{"rendered":"<p>La l\u00edder opositora venezolana de&nbsp;ultraderecha&nbsp;Mar\u00eda Corina Machado, premio Nobel de la Paz 2025, dijo que apoya una mayor presi\u00f3n sobre el presidente Nicol\u00e1s Maduro para que&nbsp;\u00abcomprenda\u00bb que debe dejar el poder, seg\u00fan extractos de una entrevista con el canal estadounidense CBS difundidos este viernes. Machado ha denunciado como fraudulenta la reelecci\u00f3n de Maduro en las [&hellip;]<\/p>\n","protected":false},"author":1,"featured_media":72997,"comment_status":"open","ping_status":"open","sticky":false,"template":"","format":"standard","meta":{"om_disable_all_campaigns":false,"_monsterinsights_skip_tracking":false,"_monsterinsights_sitenote_active":false,"_monsterinsights_sitenote_note":"","_monsterinsights_sitenote_category":0,"footnotes":""},"categories":[183],"tags":[239,288,128,289],"class_list":["post-72995","post","type-post","status-publish","format-standard","has-post-thumbnail","hentry","category-internacional","tag-gobierno","tag-mundo","tag-politics","tag-venezuela"],"amp_enabled":true,"_links":{"self":[{"href":"https:\/\/lahora.mx\/index.php\/wp-json\/wp\/v2\/posts\/72995","targetHints":{"allow":["GET"]}}],"collection":[{"href":"https:\/\/lahora.mx\/index.php\/wp-json\/wp\/v2\/posts"}],"about":[{"href":"https:\/\/lahora.mx\/index.php\/wp-json\/wp\/v2\/types\/post"}],"author":[{"embeddable":true,"href":"https:\/\/lahora.mx\/index.php\/wp-json\/wp\/v2\/users\/1"}],"replies":[{"embeddable":true,"href":"https:\/\/lahora.mx\/index.php\/wp-json\/wp\/v2\/comments?post=72995"}],"version-history":[{"count":1,"href":"https:\/\/lahora.mx\/index.php\/wp-json\/wp\/v2\/posts\/72995\/revisions"}],"predecessor-version":[{"id":72998,"href":"https:\/\/lahora.mx\/index.php\/wp-json\/wp\/v2\/posts\/72995\/revisions\/72998"}],"wp:featuredmedia":[{"embeddable":true,"href":"https:\/\/lahora.mx\/index.php\/wp-json\/wp\/v2\/media\/72997"}],"wp:attachment":[{"href":"https:\/\/lahora.mx\/index.php\/wp-json\/wp\/v2\/media?parent=72995"}],"wp:term":[{"taxonomy":"category","embeddable":true,"href":"https:\/\/lahora.mx\/index.php\/wp-json\/wp\/v2\/categories?post=72995"},{"taxonomy":"post_tag","embeddable":true,"href":"https:\/\/lahora.mx\/index.php\/wp-json\/wp\/v2\/tags?post=72995"}],"curies":[{"name":"wp","href":"https:\/\/api.w.org\/{rel}","templated":true}]}}