{"id":72985,"date":"2025-12-13T01:47:29","date_gmt":"2025-12-13T01:47:29","guid":{"rendered":"https:\/\/lahora.mx\/?p=72985"},"modified":"2025-12-13T01:47:30","modified_gmt":"2025-12-13T01:47:30","slug":"el-fervor-guadalupano-reune-a-miles-de-fieles-en-el-seminario-mayor-palafoxiano-de-puebla","status":"publish","type":"post","link":"https:\/\/lahora.mx\/index.php\/2025\/12\/13\/el-fervor-guadalupano-reune-a-miles-de-fieles-en-el-seminario-mayor-palafoxiano-de-puebla\/","title":{"rendered":"El fervor Guadalupano re\u00fane a miles de fieles en el Seminario Mayor Palafoxiano de Puebla"},"content":{"rendered":"\n<p class=\"wp-block-paragraph\">Miles de fieles, nuevamente, mostraron ese fervor mariano, al inundar el Santuario Guadalupano y la Capilla principal del inmueble que visit\u00f3 Juan Pablo II, el 28 de enero de 1979 para postrarse ante la imagen de la Virgen de Guadalupe para pedir salud y trabajo, adem\u00e1s para agradecer los favores recibidos durante este 2025.<\/p>\n\n\n\n<p class=\"wp-block-paragraph\">A 494 a\u00f1os de esas primeras apariciones de la Virgen de Guadalupe a San Juan Diego, el 12 de diciembre de 1531, el fervor Guadalupano se mantiene vigente como muestran los fieles que asisten al Seminario Mayor Palafoxiano para llevar una serie de ramos de flores multicolores.<\/p>\n\n\n\n<p class=\"wp-block-paragraph\">Algunos creyentes se quiebran, sus l\u00e1grimas comienzan a rodar por sus mejillas cuando se acercan a la imagen de la Morenita del Tepeyac.<\/p>\n\n\n\n<p class=\"wp-block-paragraph\">Varios padres de familia llevan a sus hijos vestidos de Juan Dieguitos y a sus hijas de inditas, como muestra de ese fervor que identifica y une a Puebla y a la naci\u00f3n mexicana.<\/p>\n\n\n\n<p class=\"wp-block-paragraph\">La capilla principal del Seminario Palafoxiono y la del Santuario Guadalupano conforme transcurren las horas de este viernes 12 de diciembre comienzan a ser insuficientes para arropar a los cristianos que con im\u00e1genes cargando dan gracias a su madre celestial por todos los favores recibidos.<\/p>\n\n\n\n<p class=\"wp-block-paragraph\">Pero, en los alrededores de los templos del seminario mayor la romer\u00eda es pintoresca no solo para los productos que ofrecen sino por los aromas de sus exquisitos platillos 100% mexicanos que van desde los tacos de Carnitas hasta la birria y por qu\u00e9 no hasta ostiones en su concha.<\/p>\n\n\n\n<p class=\"wp-block-paragraph\">As\u00ed el misticismo y el sincretismo religioso, nuevamente, conviven como hermanos.<\/p>\n\n\n\n<p class=\"wp-block-paragraph\">Y esta noche para los que les gusta el bailongo, y recordar esos grandes cl\u00e1sicos liderados por Juan Colorado estar\u00e1 la internacional Sonora Santanera.<\/p>\n\n\n\n<p class=\"wp-block-paragraph\">Simbolog\u00eda de la imagen de la Virgen de Guadalupe<br>El Vicerrector del Seminario Mayor Palafoxiano, Israel P\u00e9rez L\u00f3pez, teoriz\u00f3 que despu\u00e9s del tiempo y con la ayuda de la tecnolog\u00eda sea cuando se comenz\u00f3 a descubrir la simbolog\u00eda muy particular de la expresi\u00f3n misma de la virgen con la tez morena, el manto, el cinto que lleva, significa que est\u00e1 embarazada.<\/p>\n\n\n\n<p class=\"wp-block-paragraph\">Adem\u00e1s, el manto de 46 estrellas se habla de la constelaci\u00f3n que estaba m\u00e1s o menos en ese mismo d\u00eda 12 de diciembre de 1531.<\/p>\n\n\n\n<p class=\"wp-block-paragraph\">Indic\u00f3 que la luna significa entre el d\u00eda y la noche, \u00aby que recordando que tambi\u00e9n M\u00e9xico significa en el ombligo de la luna, las manos las tiene en posici\u00f3n de oraci\u00f3n\u00bb.<\/p>\n\n\n\n<p class=\"wp-block-paragraph\">Refrend\u00f3 que con ayuda de la tecnolog\u00eda se han hecho grandes descubrimientos de los ojos a donde se observa lo que ocurri\u00f3 cuando San Juan Diego, mostr\u00f3 el ayate al Obispo, Juan de Zum\u00e1rraga, \u00abtambi\u00e9n est\u00e1 la flor propia de los Aztecas, Nahui Ollin y obviamente el resplandor como signo propio de la divinidad, pero tambi\u00e9n como signo de El Sol que para los Aztecas particularmente ten\u00edan un gran significado y donde se intensifica m\u00e1s es el vientre de la Virgen Mar\u00eda dando el mensaje que viene El Redentor del mundo El Salvador del mundo\u00bb.<\/p>\n","protected":false},"excerpt":{"rendered":"<p>Miles de fieles, nuevamente, mostraron ese fervor mariano, al inundar el Santuario Guadalupano y la Capilla principal del inmueble que visit\u00f3 Juan Pablo II, el 28 de enero de 1979 para postrarse ante la imagen de la Virgen de Guadalupe para pedir salud y trabajo, adem\u00e1s para agradecer los favores recibidos durante este 2025. A [&hellip;]<\/p>\n","protected":false},"author":1,"featured_media":72986,"comment_status":"open","ping_status":"open","sticky":false,"template":"","format":"standard","meta":{"om_disable_all_campaigns":false,"_monsterinsights_skip_tracking":false,"footnotes":""},"categories":[3],"tags":[],"class_list":["post-72985","post","type-post","status-publish","format-standard","has-post-thumbnail","hentry","category-entretenimiento"],"amp_enabled":true,"_links":{"self":[{"href":"https:\/\/lahora.mx\/index.php\/wp-json\/wp\/v2\/posts\/72985","targetHints":{"allow":["GET"]}}],"collection":[{"href":"https:\/\/lahora.mx\/index.php\/wp-json\/wp\/v2\/posts"}],"about":[{"href":"https:\/\/lahora.mx\/index.php\/wp-json\/wp\/v2\/types\/post"}],"author":[{"embeddable":true,"href":"https:\/\/lahora.mx\/index.php\/wp-json\/wp\/v2\/users\/1"}],"replies":[{"embeddable":true,"href":"https:\/\/lahora.mx\/index.php\/wp-json\/wp\/v2\/comments?post=72985"}],"version-history":[{"count":1,"href":"https:\/\/lahora.mx\/index.php\/wp-json\/wp\/v2\/posts\/72985\/revisions"}],"predecessor-version":[{"id":72987,"href":"https:\/\/lahora.mx\/index.php\/wp-json\/wp\/v2\/posts\/72985\/revisions\/72987"}],"wp:featuredmedia":[{"embeddable":true,"href":"https:\/\/lahora.mx\/index.php\/wp-json\/wp\/v2\/media\/72986"}],"wp:attachment":[{"href":"https:\/\/lahora.mx\/index.php\/wp-json\/wp\/v2\/media?parent=72985"}],"wp:term":[{"taxonomy":"category","embeddable":true,"href":"https:\/\/lahora.mx\/index.php\/wp-json\/wp\/v2\/categories?post=72985"},{"taxonomy":"post_tag","embeddable":true,"href":"https:\/\/lahora.mx\/index.php\/wp-json\/wp\/v2\/tags?post=72985"}],"curies":[{"name":"wp","href":"https:\/\/api.w.org\/{rel}","templated":true}]}}