{"id":72940,"date":"2025-12-11T23:26:19","date_gmt":"2025-12-11T23:26:19","guid":{"rendered":"https:\/\/lahora.mx\/?p=72940"},"modified":"2025-12-11T23:26:20","modified_gmt":"2025-12-11T23:26:20","slug":"mexico-y-estados-unidos-revisan-avances-del-programa-de-seguridad-fronteriza","status":"publish","type":"post","link":"https:\/\/lahora.mx\/index.php\/2025\/12\/11\/mexico-y-estados-unidos-revisan-avances-del-programa-de-seguridad-fronteriza\/","title":{"rendered":"M\u00e9xico y Estados Unidos revisan avances del Programa de Seguridad Fronteriza"},"content":{"rendered":"\n<p>El encargado de despacho de la Secretar\u00eda de Relaciones Exteriores , Roberto Velasco , encabez\u00f3 la segunda Reuni\u00f3n del Grupo de Implementaci\u00f3n de Seguridad M\u00e9xico\u2013Estados Unidos , un mecanismo destinado a dar seguimiento a las acciones bilaterales en materia de cooperaci\u00f3n fronteriza y combate al crimen.<\/p>\n\n\n\n<p>En el encuentro, celebrado con la participaci\u00f3n del embajador de Estados Unidos en M\u00e9xico, Ronald Johnson , se revisaron los avances del Programa de Cooperaci\u00f3n de Seguridad Fronteriza y Aplicaci\u00f3n de la Ley , acuerdo que busca fortalecer la colaboraci\u00f3n institucional entre ambos pa\u00edses en temas de seguridad y aplicaci\u00f3n de justicia.<br>La Canciller\u00eda mexicana inform\u00f3 que durante la reuni\u00f3n se evaluaron las acciones implementadas en el marco del programa, bajo los principios que rigen la relaci\u00f3n bilateral: respeto irrestricto a la soberan\u00eda e integridad territorial, responsabilidad compartida y diferenciada, confianza mutua y cooperaci\u00f3n sin subordinaci\u00f3n .<\/p>\n\n\n\n<p>Tambi\u00e9n asistieron representantes de ambos gobiernos en materia de seguridad, quienes analizaron los resultados alcanzados y las estrategias conjuntas para enfrentar delitos transnacionales como el tr\u00e1fico de armas, personas y drogas , adem\u00e1s de fortalecer los mecanismos de intercambio de informaci\u00f3n e inteligencia.<\/p>\n\n\n\n<p>Esta reuni\u00f3n representa la segunda sesi\u00f3n de seguimiento del grupo binacional, tras el primer encuentro realizado el 26 de septiembre en McAllen, Texas , donde participaron miembros del Gabinete de Seguridad de M\u00e9xico y sus contrapartes estadounidenses .<\/p>\n\n\n\n<p>El mecanismo de coordinaci\u00f3n tiene como objetivo asegurar la continuidad y efectividad de las pol\u00edticas conjuntas que integran el Programa de Cooperaci\u00f3n de Seguridad Fronteriza y Aplicaci\u00f3n de la Ley , considerado uno de los pilares de la actual agenda de seguridad bilateral.<\/p>\n","protected":false},"excerpt":{"rendered":"<p>El encargado de despacho de la Secretar\u00eda de Relaciones Exteriores , Roberto Velasco , encabez\u00f3 la segunda Reuni\u00f3n del Grupo de Implementaci\u00f3n de Seguridad M\u00e9xico\u2013Estados Unidos , un mecanismo destinado a dar seguimiento a las acciones bilaterales en materia de cooperaci\u00f3n fronteriza y combate al crimen. En el encuentro, celebrado con la participaci\u00f3n del embajador [&hellip;]<\/p>\n","protected":false},"author":1,"featured_media":72941,"comment_status":"open","ping_status":"open","sticky":false,"template":"","format":"standard","meta":{"om_disable_all_campaigns":false,"_monsterinsights_skip_tracking":false,"_monsterinsights_sitenote_active":false,"_monsterinsights_sitenote_note":"","_monsterinsights_sitenote_category":0,"footnotes":""},"categories":[176],"tags":[],"class_list":["post-72940","post","type-post","status-publish","format-standard","has-post-thumbnail","hentry","category-nacional"],"amp_enabled":true,"_links":{"self":[{"href":"https:\/\/lahora.mx\/index.php\/wp-json\/wp\/v2\/posts\/72940","targetHints":{"allow":["GET"]}}],"collection":[{"href":"https:\/\/lahora.mx\/index.php\/wp-json\/wp\/v2\/posts"}],"about":[{"href":"https:\/\/lahora.mx\/index.php\/wp-json\/wp\/v2\/types\/post"}],"author":[{"embeddable":true,"href":"https:\/\/lahora.mx\/index.php\/wp-json\/wp\/v2\/users\/1"}],"replies":[{"embeddable":true,"href":"https:\/\/lahora.mx\/index.php\/wp-json\/wp\/v2\/comments?post=72940"}],"version-history":[{"count":1,"href":"https:\/\/lahora.mx\/index.php\/wp-json\/wp\/v2\/posts\/72940\/revisions"}],"predecessor-version":[{"id":72942,"href":"https:\/\/lahora.mx\/index.php\/wp-json\/wp\/v2\/posts\/72940\/revisions\/72942"}],"wp:featuredmedia":[{"embeddable":true,"href":"https:\/\/lahora.mx\/index.php\/wp-json\/wp\/v2\/media\/72941"}],"wp:attachment":[{"href":"https:\/\/lahora.mx\/index.php\/wp-json\/wp\/v2\/media?parent=72940"}],"wp:term":[{"taxonomy":"category","embeddable":true,"href":"https:\/\/lahora.mx\/index.php\/wp-json\/wp\/v2\/categories?post=72940"},{"taxonomy":"post_tag","embeddable":true,"href":"https:\/\/lahora.mx\/index.php\/wp-json\/wp\/v2\/tags?post=72940"}],"curies":[{"name":"wp","href":"https:\/\/api.w.org\/{rel}","templated":true}]}}