{"id":72937,"date":"2025-12-11T23:16:41","date_gmt":"2025-12-11T23:16:41","guid":{"rendered":"https:\/\/lahora.mx\/?p=72937"},"modified":"2025-12-11T23:16:42","modified_gmt":"2025-12-11T23:16:42","slug":"china-exige-a-mexico-rectificar-la-aplicacion-de-aranceles-contra-sus-productos","status":"publish","type":"post","link":"https:\/\/lahora.mx\/index.php\/2025\/12\/11\/china-exige-a-mexico-rectificar-la-aplicacion-de-aranceles-contra-sus-productos\/","title":{"rendered":"China exige a M\u00e9xico rectificar la aplicaci\u00f3n de aranceles contra sus productos"},"content":{"rendered":"\n<p>Debido a que se han aprobado los aranceles de Claudia Sheinbaum contra varias naciones que no tienen un tratado comercial con M\u00e9xico, el Ministerio de Comercio de China se voceo en contra de esto y calific\u00f3 las medidas arancelarias contra ellos como un movimiento err\u00f3neo, por lo cual exigieron su rectificaci\u00f3n.<\/p>\n\n\n\n<p>\u201cChina siempre se ha opuesto a todo tipo de subidas arancelarias de car\u00e1cter unilateral y espera que se rectifiquen oportunamente estas pr\u00e1cticas err\u00f3neas de unilateralismo y proteccionismo\u201d, declararon, para luego se\u00f1alar que ya han iniciado una investigaci\u00f3n sobre barreras comerciales y de inversi\u00f3n en M\u00e9xico.<br>Un portavoz de esta agencia gubernamental indic\u00f3 que pese a los dichos de la presidenta, esta propuesta introdujo ajustes a la versi\u00f3n que el gobierno mexicano hab\u00eda trabajado en septiembre con ellos, India y Corea del Sur, como lo son reducciones a tasas arancelarias en autopartes, textiles y bienes de consumo.<\/p>\n\n\n\n<p>\u201cEstas medidas seguir\u00e1n perjudicando sustancialmente los intereses de los socios comerciales afectados, incluida China\u201d, se\u00f1alaron, para luego destacar que si bien entienden que esto forma parte de una estrategia econ\u00f3mica en Norteam\u00e9rica, encabezada por Estados Unidos, lo consideran como un ataque a su econom\u00eda.<\/p>\n","protected":false},"excerpt":{"rendered":"<p>Debido a que se han aprobado los aranceles de Claudia Sheinbaum contra varias naciones que no tienen un tratado comercial con M\u00e9xico, el Ministerio de Comercio de China se voceo en contra de esto y calific\u00f3 las medidas arancelarias contra ellos como un movimiento err\u00f3neo, por lo cual exigieron su rectificaci\u00f3n. \u201cChina siempre se ha [&hellip;]<\/p>\n","protected":false},"author":1,"featured_media":72938,"comment_status":"open","ping_status":"open","sticky":false,"template":"","format":"standard","meta":{"om_disable_all_campaigns":false,"_monsterinsights_skip_tracking":false,"_monsterinsights_sitenote_active":false,"_monsterinsights_sitenote_note":"","_monsterinsights_sitenote_category":0,"footnotes":""},"categories":[183],"tags":[],"class_list":["post-72937","post","type-post","status-publish","format-standard","has-post-thumbnail","hentry","category-internacional"],"amp_enabled":true,"_links":{"self":[{"href":"https:\/\/lahora.mx\/index.php\/wp-json\/wp\/v2\/posts\/72937","targetHints":{"allow":["GET"]}}],"collection":[{"href":"https:\/\/lahora.mx\/index.php\/wp-json\/wp\/v2\/posts"}],"about":[{"href":"https:\/\/lahora.mx\/index.php\/wp-json\/wp\/v2\/types\/post"}],"author":[{"embeddable":true,"href":"https:\/\/lahora.mx\/index.php\/wp-json\/wp\/v2\/users\/1"}],"replies":[{"embeddable":true,"href":"https:\/\/lahora.mx\/index.php\/wp-json\/wp\/v2\/comments?post=72937"}],"version-history":[{"count":1,"href":"https:\/\/lahora.mx\/index.php\/wp-json\/wp\/v2\/posts\/72937\/revisions"}],"predecessor-version":[{"id":72939,"href":"https:\/\/lahora.mx\/index.php\/wp-json\/wp\/v2\/posts\/72937\/revisions\/72939"}],"wp:featuredmedia":[{"embeddable":true,"href":"https:\/\/lahora.mx\/index.php\/wp-json\/wp\/v2\/media\/72938"}],"wp:attachment":[{"href":"https:\/\/lahora.mx\/index.php\/wp-json\/wp\/v2\/media?parent=72937"}],"wp:term":[{"taxonomy":"category","embeddable":true,"href":"https:\/\/lahora.mx\/index.php\/wp-json\/wp\/v2\/categories?post=72937"},{"taxonomy":"post_tag","embeddable":true,"href":"https:\/\/lahora.mx\/index.php\/wp-json\/wp\/v2\/tags?post=72937"}],"curies":[{"name":"wp","href":"https:\/\/api.w.org\/{rel}","templated":true}]}}