{"id":72894,"date":"2025-12-11T16:11:31","date_gmt":"2025-12-11T16:11:31","guid":{"rendered":"https:\/\/lahora.mx\/?p=72894"},"modified":"2025-12-11T16:11:32","modified_gmt":"2025-12-11T16:11:32","slug":"imss-confirma-la-fecha-del-primer-pago-para-pensionados-en-2026","status":"publish","type":"post","link":"https:\/\/lahora.mx\/index.php\/2025\/12\/11\/imss-confirma-la-fecha-del-primer-pago-para-pensionados-en-2026\/","title":{"rendered":"IMSS confirma la fecha del primer pago para pensionados en 2026"},"content":{"rendered":"\n<p>El Instituto Mexicano del Seguro Social dio a conocer la fecha oficial en que se realizar\u00e1 el primer dep\u00f3sito para pensionados correspondiente al a\u00f1o 2026, recurso que ser\u00e1 de gran apoyo para enfrentar los gastos propios del inicio de a\u00f1o. De acuerdo con el calendario institucional, el pago se efectuar\u00e1 el viernes 2 de enero de 2026.<\/p>\n\n\n\n<p>El IMSS inform\u00f3 que, como es habitual, el dep\u00f3sito se realizar\u00e1 de manera autom\u00e1tica para las personas pensionadas bajo los esquemas de la Ley 73 y Ley 97, por lo que no se prev\u00e9n contratiempos. La instituci\u00f3n record\u00f3 la importancia de que los beneficiarios mantengan actualizada su informaci\u00f3n bancaria para evitar retrasos o incidencias en el abono.<\/p>\n\n\n\n<p>Si alg\u00fan pensionado no recibe su pago en la fecha indicada, puede solicitar asistencia a trav\u00e9s del n\u00famero 800-623-2323, seleccionando la opci\u00f3n destinada a \u201cpensionados\u201d para conocer el estatus de su dep\u00f3sito.<\/p>\n\n\n\n<p>Adem\u00e1s, el Seguro Social invit\u00f3 a la poblaci\u00f3n a consultar el calendario oficial de pagos directamente en su portal web, donde deber\u00e1n ingresar al apartado de \u201cprestaciones econ\u00f3micas\u201d y posteriormente a \u201cpensiones\u201d para verificar la informaci\u00f3n actualizada.<\/p>\n","protected":false},"excerpt":{"rendered":"<p>El Instituto Mexicano del Seguro Social dio a conocer la fecha oficial en que se realizar\u00e1 el primer dep\u00f3sito para pensionados correspondiente al a\u00f1o 2026, recurso que ser\u00e1 de gran apoyo para enfrentar los gastos propios del inicio de a\u00f1o. De acuerdo con el calendario institucional, el pago se efectuar\u00e1 el viernes 2 de enero [&hellip;]<\/p>\n","protected":false},"author":1,"featured_media":72895,"comment_status":"open","ping_status":"open","sticky":false,"template":"","format":"standard","meta":{"om_disable_all_campaigns":false,"_monsterinsights_skip_tracking":false,"_monsterinsights_sitenote_active":false,"_monsterinsights_sitenote_note":"","_monsterinsights_sitenote_category":0,"footnotes":""},"categories":[176],"tags":[195],"class_list":["post-72894","post","type-post","status-publish","format-standard","has-post-thumbnail","hentry","category-nacional","tag-principal"],"amp_enabled":true,"_links":{"self":[{"href":"https:\/\/lahora.mx\/index.php\/wp-json\/wp\/v2\/posts\/72894","targetHints":{"allow":["GET"]}}],"collection":[{"href":"https:\/\/lahora.mx\/index.php\/wp-json\/wp\/v2\/posts"}],"about":[{"href":"https:\/\/lahora.mx\/index.php\/wp-json\/wp\/v2\/types\/post"}],"author":[{"embeddable":true,"href":"https:\/\/lahora.mx\/index.php\/wp-json\/wp\/v2\/users\/1"}],"replies":[{"embeddable":true,"href":"https:\/\/lahora.mx\/index.php\/wp-json\/wp\/v2\/comments?post=72894"}],"version-history":[{"count":1,"href":"https:\/\/lahora.mx\/index.php\/wp-json\/wp\/v2\/posts\/72894\/revisions"}],"predecessor-version":[{"id":72896,"href":"https:\/\/lahora.mx\/index.php\/wp-json\/wp\/v2\/posts\/72894\/revisions\/72896"}],"wp:featuredmedia":[{"embeddable":true,"href":"https:\/\/lahora.mx\/index.php\/wp-json\/wp\/v2\/media\/72895"}],"wp:attachment":[{"href":"https:\/\/lahora.mx\/index.php\/wp-json\/wp\/v2\/media?parent=72894"}],"wp:term":[{"taxonomy":"category","embeddable":true,"href":"https:\/\/lahora.mx\/index.php\/wp-json\/wp\/v2\/categories?post=72894"},{"taxonomy":"post_tag","embeddable":true,"href":"https:\/\/lahora.mx\/index.php\/wp-json\/wp\/v2\/tags?post=72894"}],"curies":[{"name":"wp","href":"https:\/\/api.w.org\/{rel}","templated":true}]}}