{"id":72859,"date":"2025-12-10T17:57:51","date_gmt":"2025-12-10T17:57:51","guid":{"rendered":"https:\/\/lahora.mx\/?p=72859"},"modified":"2025-12-10T17:57:52","modified_gmt":"2025-12-10T17:57:52","slug":"pensiones-del-bienestar-aumentaran-en-2026","status":"publish","type":"post","link":"https:\/\/lahora.mx\/index.php\/2025\/12\/10\/pensiones-del-bienestar-aumentaran-en-2026\/","title":{"rendered":"Pensiones del Bienestar, \u00bfaumentar\u00e1n en 2026?"},"content":{"rendered":"\n<p>\u00bfQu\u00e9 dice el gobierno federal? \u00bfVan a recibir m\u00e1s dinero los adultos mayores, las madres trabajadoras y las personas con discapacidad?<br><br>M\u00e1s del 3.6 por ciento incrementar\u00e1n en 2026 diversas Pensiones del Bienestar del gobierno federal, lo que representar\u00e1 un ajuste que alcanzar\u00eda a por lo menos la inflaci\u00f3n, as\u00ed lo confirm\u00f3 la Secretar\u00eda del Bienestar.<\/p>\n\n\n\n<p>La titular de la dependencia federal, Ariadna Montiel Reyes, adelant\u00f3 el pasado 5 de diciembre que las pensiones tanto para adultos mayores como para poblaci\u00f3n vulnerable aumentar\u00e1n unos 224 pesos bimestrales adicionales en 2026 .<\/p>\n\n\n\n<p>Montiel Reyes record\u00f3 que las proyecciones se obtuvieron de estimaciones de la inflaci\u00f3n actual que arrojaron que para el a\u00f1o entrante se mantenga entre 3.6 y el 4 por ciento, lo que ser\u00eda el aumento para las pensiones.<\/p>\n\n\n\n<p>Entre las pensiones que se beneficiar\u00e1n con el ajuste inflacionario destacaron:<\/p>\n\n\n\n<p>Adultos Mayores<\/p>\n\n\n\n<p>Mujeres Bienestar de 60 a 64 a\u00f1os<\/p>\n\n\n\n<p>Discapacidad<\/p>\n\n\n\n<p>Apoyo a Madres Trabajadoras<\/p>\n","protected":false},"excerpt":{"rendered":"<p>\u00bfQu\u00e9 dice el gobierno federal? \u00bfVan a recibir m\u00e1s dinero los adultos mayores, las madres trabajadoras y las personas con discapacidad? M\u00e1s del 3.6 por ciento incrementar\u00e1n en 2026 diversas Pensiones del Bienestar del gobierno federal, lo que representar\u00e1 un ajuste que alcanzar\u00eda a por lo menos la inflaci\u00f3n, as\u00ed lo confirm\u00f3 la Secretar\u00eda del [&hellip;]<\/p>\n","protected":false},"author":1,"featured_media":72860,"comment_status":"open","ping_status":"open","sticky":false,"template":"","format":"standard","meta":{"om_disable_all_campaigns":false,"_monsterinsights_skip_tracking":false,"_monsterinsights_sitenote_active":false,"_monsterinsights_sitenote_note":"","_monsterinsights_sitenote_category":0,"footnotes":""},"categories":[176],"tags":[],"class_list":["post-72859","post","type-post","status-publish","format-standard","has-post-thumbnail","hentry","category-nacional"],"amp_enabled":true,"_links":{"self":[{"href":"https:\/\/lahora.mx\/index.php\/wp-json\/wp\/v2\/posts\/72859","targetHints":{"allow":["GET"]}}],"collection":[{"href":"https:\/\/lahora.mx\/index.php\/wp-json\/wp\/v2\/posts"}],"about":[{"href":"https:\/\/lahora.mx\/index.php\/wp-json\/wp\/v2\/types\/post"}],"author":[{"embeddable":true,"href":"https:\/\/lahora.mx\/index.php\/wp-json\/wp\/v2\/users\/1"}],"replies":[{"embeddable":true,"href":"https:\/\/lahora.mx\/index.php\/wp-json\/wp\/v2\/comments?post=72859"}],"version-history":[{"count":1,"href":"https:\/\/lahora.mx\/index.php\/wp-json\/wp\/v2\/posts\/72859\/revisions"}],"predecessor-version":[{"id":72861,"href":"https:\/\/lahora.mx\/index.php\/wp-json\/wp\/v2\/posts\/72859\/revisions\/72861"}],"wp:featuredmedia":[{"embeddable":true,"href":"https:\/\/lahora.mx\/index.php\/wp-json\/wp\/v2\/media\/72860"}],"wp:attachment":[{"href":"https:\/\/lahora.mx\/index.php\/wp-json\/wp\/v2\/media?parent=72859"}],"wp:term":[{"taxonomy":"category","embeddable":true,"href":"https:\/\/lahora.mx\/index.php\/wp-json\/wp\/v2\/categories?post=72859"},{"taxonomy":"post_tag","embeddable":true,"href":"https:\/\/lahora.mx\/index.php\/wp-json\/wp\/v2\/tags?post=72859"}],"curies":[{"name":"wp","href":"https:\/\/api.w.org\/{rel}","templated":true}]}}