{"id":72835,"date":"2025-12-10T14:04:59","date_gmt":"2025-12-10T14:04:59","guid":{"rendered":"https:\/\/lahora.mx\/?p=72835"},"modified":"2025-12-10T14:05:00","modified_gmt":"2025-12-10T14:05:00","slug":"hija-de-maria-corina-machado-recibe-el-premio-nobel-en-ausencia-de-su-madre","status":"publish","type":"post","link":"https:\/\/lahora.mx\/index.php\/2025\/12\/10\/hija-de-maria-corina-machado-recibe-el-premio-nobel-en-ausencia-de-su-madre\/","title":{"rendered":"Hija de Mar\u00eda Corina Machado recibe el premio Nobel en ausencia de su madre"},"content":{"rendered":"\n<p>El premio Nobel de la Paz, otorgado a la opositora venezolana, Mar\u00eda Corina Machado, f<strong>ue entregado a su hija Ana Corina Sosa Machado este mi\u00e9rcoles en Oslo,<\/strong>\u00a0ya que su madre tras las dificultades para salir de Venezuela no le fue posible llegar a la ceremonia, pero est\u00e1 en camino y en las pr\u00f3ximas horas se prev\u00e9 llegue a Oslo. Aunque\u00a0volver\u00e1 \u00abmuy pronto\u00bb a su pa\u00eds.<\/p>\n\n\n\n<p><strong>\u00abQuiere vivir en una Venezuela libre, y nunca renunciar\u00e1 a ese prop\u00f3sito. Por eso todos sabemos, y yo s\u00e9, que estar\u00e1 de vuelta a Venezuela muy pronto\u00bb, dijo Ana Corina Sosa Machado en la ceremonia organizada en la capital noruega.<\/strong><\/p>\n\n\n\n<p>En una llamada con el presidente del Comit\u00e9 Noruego del Nobel, J\u00f8rgen Watne Frydnes, divulgada por la organizaci\u00f3n justo antes de la gala, Mar\u00eda Corina Machado se dijo \u00abmuy triste\u00bb y afirm\u00f3 que \u00absent\u00eda mucho\u00bb no llegar a tiempo para la ceremonia.<\/p>\n\n\n\n<p><strong>\u00abMucha gente ha arriesgado su vida para que yo pueda llegar a Oslo\u00bb, dijo.<\/strong><\/p>\n\n\n\n<p><strong>\u00abSi queremos tener democracia, debemos estar dispuestos a luchar por la libertad\u00bb, agreg\u00f3 en su discurso, que ley\u00f3 su hija Ana Corina Sosa Machado, quien recogi\u00f3 el galard\u00f3n en su nombre porque no lleg\u00f3 a tiempo a Oslo para participar en la ceremonia.<\/strong><\/p>\n\n\n\n<p>El presidente del Comit\u00e9 Noruego del Nobel inst\u00f3 este mi\u00e9rcoles al presidente venezolano, Nicol\u00e1s Maduro, a aceptar los resultados de las elecciones de 2024 y renunciar a su cargo, durante la entrega del Nobel de la Paz a la opositora Mar\u00eda Corina Machado, ausente.<\/p>\n","protected":false},"excerpt":{"rendered":"<p>El premio Nobel de la Paz, otorgado a la opositora venezolana, Mar\u00eda Corina Machado, fue entregado a su hija Ana Corina Sosa Machado este mi\u00e9rcoles en Oslo,\u00a0ya que su madre tras las dificultades para salir de Venezuela no le fue posible llegar a la ceremonia, pero est\u00e1 en camino y en las pr\u00f3ximas horas se [&hellip;]<\/p>\n","protected":false},"author":1,"featured_media":72836,"comment_status":"open","ping_status":"open","sticky":false,"template":"","format":"standard","meta":{"om_disable_all_campaigns":false,"_monsterinsights_skip_tracking":false,"_monsterinsights_sitenote_active":false,"_monsterinsights_sitenote_note":"","_monsterinsights_sitenote_category":0,"footnotes":""},"categories":[183],"tags":[128,195],"class_list":["post-72835","post","type-post","status-publish","format-standard","has-post-thumbnail","hentry","category-internacional","tag-politics","tag-principal"],"amp_enabled":true,"_links":{"self":[{"href":"https:\/\/lahora.mx\/index.php\/wp-json\/wp\/v2\/posts\/72835","targetHints":{"allow":["GET"]}}],"collection":[{"href":"https:\/\/lahora.mx\/index.php\/wp-json\/wp\/v2\/posts"}],"about":[{"href":"https:\/\/lahora.mx\/index.php\/wp-json\/wp\/v2\/types\/post"}],"author":[{"embeddable":true,"href":"https:\/\/lahora.mx\/index.php\/wp-json\/wp\/v2\/users\/1"}],"replies":[{"embeddable":true,"href":"https:\/\/lahora.mx\/index.php\/wp-json\/wp\/v2\/comments?post=72835"}],"version-history":[{"count":1,"href":"https:\/\/lahora.mx\/index.php\/wp-json\/wp\/v2\/posts\/72835\/revisions"}],"predecessor-version":[{"id":72837,"href":"https:\/\/lahora.mx\/index.php\/wp-json\/wp\/v2\/posts\/72835\/revisions\/72837"}],"wp:featuredmedia":[{"embeddable":true,"href":"https:\/\/lahora.mx\/index.php\/wp-json\/wp\/v2\/media\/72836"}],"wp:attachment":[{"href":"https:\/\/lahora.mx\/index.php\/wp-json\/wp\/v2\/media?parent=72835"}],"wp:term":[{"taxonomy":"category","embeddable":true,"href":"https:\/\/lahora.mx\/index.php\/wp-json\/wp\/v2\/categories?post=72835"},{"taxonomy":"post_tag","embeddable":true,"href":"https:\/\/lahora.mx\/index.php\/wp-json\/wp\/v2\/tags?post=72835"}],"curies":[{"name":"wp","href":"https:\/\/api.w.org\/{rel}","templated":true}]}}