{"id":72832,"date":"2025-12-10T03:44:14","date_gmt":"2025-12-10T03:44:14","guid":{"rendered":"https:\/\/lahora.mx\/?p=72832"},"modified":"2025-12-10T03:44:15","modified_gmt":"2025-12-10T03:44:15","slug":"clases-el-12-de-diciembre-sep-confirma-jornada-escolar-normal","status":"publish","type":"post","link":"https:\/\/lahora.mx\/index.php\/2025\/12\/10\/clases-el-12-de-diciembre-sep-confirma-jornada-escolar-normal\/","title":{"rendered":"Clases el 12 de diciembre: SEP confirma jornada escolar normal"},"content":{"rendered":"\n<p>A pesar de ser una de las fechas m\u00e1s significativas para la devoci\u00f3n religiosa en M\u00e9xico, el pr\u00f3ximo viernes 12 de diciembre de 2025 no ser\u00e1 un d\u00eda de descanso oficial para estudiantes de educaci\u00f3n b\u00e1sica. La Secretar\u00eda de Educaci\u00f3n P\u00fablica (SEP) confirm\u00f3 que las clases se desarrollar\u00e1n con normalidad en preescolar, primaria y secundaria, seg\u00fan el calendario escolar vigente del ciclo 2025\u20112026.<\/p>\n\n\n\n<p>El anuncio despeja la incertidumbre que suele generarse cada a\u00f1o por la alta afluencia de fieles a la Bas\u00edlica de Guadalupe y otras parroquias del pa\u00eds. Peregrinaciones, misas y celebraciones culturales hacen que muchas familias se pregunten si habr\u00e1 suspensi\u00f3n de actividades acad\u00e9micas o laborales. Sin embargo, el 12 de diciembre no est\u00e1 considerado como descanso obligatorio en la Ley Federal del Trabajo, por lo que la jornada escolar ser\u00e1 habitual.<br>Vacaciones de invierno y d\u00edas h\u00e1biles pr\u00f3ximos<br>De acuerdo con la SEP, las vacaciones de invierno comenzar\u00e1n hasta el lunes 22 de diciembre de 2025, por lo que los estudiantes deber\u00e1n asistir a clases el 12 de diciembre y en todos los d\u00edas h\u00e1biles previos. Esto incluye actividades acad\u00e9micas normales en todo el pa\u00eds, salvo que algunas escuelas otorguen permisos especiales por motivos locales o culturales.<\/p>\n\n\n\n<p>El 12 de diciembre se celebra el D\u00eda de la Virgen de Guadalupe, patrona de M\u00e9xico y una de las figuras religiosas m\u00e1s importantes de Am\u00e9rica Latina. Cada a\u00f1o, millones de fieles participan en peregrinaciones, ofrendas, misas y procesiones, especialmente en la Ciudad de M\u00e9xico, donde la Bas\u00edlica de Guadalupe recibe a visitantes de todas partes del pa\u00eds y del extranjero. La jornada tambi\u00e9n est\u00e1 marcada por expresiones culturales, como danzas tradicionales y cantos, que forman parte de la riqueza del festejo.<\/p>\n","protected":false},"excerpt":{"rendered":"<p>A pesar de ser una de las fechas m\u00e1s significativas para la devoci\u00f3n religiosa en M\u00e9xico, el pr\u00f3ximo viernes 12 de diciembre de 2025 no ser\u00e1 un d\u00eda de descanso oficial para estudiantes de educaci\u00f3n b\u00e1sica. La Secretar\u00eda de Educaci\u00f3n P\u00fablica (SEP) confirm\u00f3 que las clases se desarrollar\u00e1n con normalidad en preescolar, primaria y secundaria, [&hellip;]<\/p>\n","protected":false},"author":1,"featured_media":72833,"comment_status":"open","ping_status":"open","sticky":false,"template":"","format":"standard","meta":{"om_disable_all_campaigns":false,"_monsterinsights_skip_tracking":false,"_monsterinsights_sitenote_active":false,"_monsterinsights_sitenote_note":"","_monsterinsights_sitenote_category":0,"footnotes":""},"categories":[176],"tags":[195],"class_list":["post-72832","post","type-post","status-publish","format-standard","has-post-thumbnail","hentry","category-nacional","tag-principal"],"amp_enabled":true,"_links":{"self":[{"href":"https:\/\/lahora.mx\/index.php\/wp-json\/wp\/v2\/posts\/72832","targetHints":{"allow":["GET"]}}],"collection":[{"href":"https:\/\/lahora.mx\/index.php\/wp-json\/wp\/v2\/posts"}],"about":[{"href":"https:\/\/lahora.mx\/index.php\/wp-json\/wp\/v2\/types\/post"}],"author":[{"embeddable":true,"href":"https:\/\/lahora.mx\/index.php\/wp-json\/wp\/v2\/users\/1"}],"replies":[{"embeddable":true,"href":"https:\/\/lahora.mx\/index.php\/wp-json\/wp\/v2\/comments?post=72832"}],"version-history":[{"count":1,"href":"https:\/\/lahora.mx\/index.php\/wp-json\/wp\/v2\/posts\/72832\/revisions"}],"predecessor-version":[{"id":72834,"href":"https:\/\/lahora.mx\/index.php\/wp-json\/wp\/v2\/posts\/72832\/revisions\/72834"}],"wp:featuredmedia":[{"embeddable":true,"href":"https:\/\/lahora.mx\/index.php\/wp-json\/wp\/v2\/media\/72833"}],"wp:attachment":[{"href":"https:\/\/lahora.mx\/index.php\/wp-json\/wp\/v2\/media?parent=72832"}],"wp:term":[{"taxonomy":"category","embeddable":true,"href":"https:\/\/lahora.mx\/index.php\/wp-json\/wp\/v2\/categories?post=72832"},{"taxonomy":"post_tag","embeddable":true,"href":"https:\/\/lahora.mx\/index.php\/wp-json\/wp\/v2\/tags?post=72832"}],"curies":[{"name":"wp","href":"https:\/\/api.w.org\/{rel}","templated":true}]}}